{"id":2146,"date":"2017-09-20T15:42:51","date_gmt":"2017-09-20T13:42:51","guid":{"rendered":"https:\/\/ukrainistika.ffzg.unizg.hr\/?p=2146"},"modified":"2017-09-21T11:07:51","modified_gmt":"2017-09-21T09:07:51","slug":"obavijest-dekanski-rok","status":"publish","type":"post","link":"https:\/\/ukrainistika.ffzg.unizg.hr\/?p=2146","title":{"rendered":"Obavijest &#8211; dekanski rok"},"content":{"rendered":"<p><strong>Ana Dugand\u017ei\u0107<\/strong><\/p>\n<p>25.9. u 12 sati za sve kolegije u A-312<\/p>\n<p><strong>Domagoj Kli\u010dek<\/strong><\/p>\n<p>GOVORNE VJE\u017dBE i LEKTIRA 1<\/p>\n<ol start=\"29\">\n<li>rujna 2017. u 10 sati u A-224<\/li>\n<\/ol>\n<p><strong>Oksana Timko \u0110itko, dr.sc. <\/strong><\/p>\n<p>9-10,30 u A-118 27.9.<\/p>\n<p><strong>Tetyana Fuderer, dr. sc.<\/strong><\/p>\n<ol>\n<li><em>Sintaksa ukrajinskog jezika 1 i 2<\/em>: 26. 9., 10.00-11.30 u A-118<\/li>\n<li><em>Stilistika ukrajinskog jezika, Leksikologija i frazeologija, Funkcionalni stilovi i prevo\u0111enje, Prevo\u0111enje knji\u017eevnih tekstova &#8211; <\/em>26. 9.<em>, 11.30-13.00 u A-118<\/em><\/li>\n<\/ol>\n<p><strong>Dariya Pavle\u0161en<\/strong><\/p>\n<p>28.9. od 10 za sve kolegije u A-223<\/p>\n<p><strong>Silvija Graljuk<\/strong><br \/>\nDekanski rok za sve kolegije odr\u017eat \u0107e se u utorak 26.9. u 11 sati u A-124<\/p>\n<p>&nbsp;<\/p>\n<p>&nbsp;<\/p>\n<p>&nbsp;<\/p>\n","protected":false},"excerpt":{"rendered":"<p>Ana Dugand\u017ei\u0107 25.9. u 12 sati za sve kolegije u A-312 Domagoj Kli\u010dek GOVORNE VJE\u017dBE i LEKTIRA 1 rujna 2017. u 10 sati u A-224 Oksana Timko \u0110itko, dr.sc. 9-10,30 u A-118 27.9. Tetyana Fuderer, dr. sc. Sintaksa ukrajinskog jezika 1 i 2: 26. 9., 10.00-11.30 u A-118 Stilistika ukrajinskog jezika, Leksikologija i frazeologija, Funkcionalni [&hellip;]<\/p>\n","protected":false},"author":101012,"featured_media":0,"comment_status":"closed","ping_status":"open","sticky":false,"template":"","format":"standard","meta":{"footnotes":""},"categories":[1],"tags":[],"class_list":["post-2146","post","type-post","status-publish","format-standard","hentry","category-uncategorized"],"_links":{"self":[{"href":"https:\/\/ukrainistika.ffzg.unizg.hr\/index.php?rest_route=\/wp\/v2\/posts\/2146"}],"collection":[{"href":"https:\/\/ukrainistika.ffzg.unizg.hr\/index.php?rest_route=\/wp\/v2\/posts"}],"about":[{"href":"https:\/\/ukrainistika.ffzg.unizg.hr\/index.php?rest_route=\/wp\/v2\/types\/post"}],"author":[{"embeddable":true,"href":"https:\/\/ukrainistika.ffzg.unizg.hr\/index.php?rest_route=\/wp\/v2\/users\/101012"}],"replies":[{"embeddable":true,"href":"https:\/\/ukrainistika.ffzg.unizg.hr\/index.php?rest_route=%2Fwp%2Fv2%2Fcomments&post=2146"}],"version-history":[{"count":3,"href":"https:\/\/ukrainistika.ffzg.unizg.hr\/index.php?rest_route=\/wp\/v2\/posts\/2146\/revisions"}],"predecessor-version":[{"id":2151,"href":"https:\/\/ukrainistika.ffzg.unizg.hr\/index.php?rest_route=\/wp\/v2\/posts\/2146\/revisions\/2151"}],"wp:attachment":[{"href":"https:\/\/ukrainistika.ffzg.unizg.hr\/index.php?rest_route=%2Fwp%2Fv2%2Fmedia&parent=2146"}],"wp:term":[{"taxonomy":"category","embeddable":true,"href":"https:\/\/ukrainistika.ffzg.unizg.hr\/index.php?rest_route=%2Fwp%2Fv2%2Fcategories&post=2146"},{"taxonomy":"post_tag","embeddable":true,"href":"https:\/\/ukrainistika.ffzg.unizg.hr\/index.php?rest_route=%2Fwp%2Fv2%2Ftags&post=2146"}],"curies":[{"name":"wp","href":"https:\/\/api.w.org\/{rel}","templated":true}]}}