{"id":2237,"date":"2017-11-03T19:16:25","date_gmt":"2017-11-03T17:16:25","guid":{"rendered":"https:\/\/ukrainistika.ffzg.unizg.hr\/?p=2237"},"modified":"2017-11-03T19:16:25","modified_gmt":"2017-11-03T17:16:25","slug":"obavijest-18","status":"publish","type":"post","link":"https:\/\/ukrainistika.ffzg.unizg.hr\/?p=2237","title":{"rendered":"Obavijest"},"content":{"rendered":"<p>U sklopu programa Erasmus+ partnerske dr\u017eave, predavanja \u0107e odr\u017eati nastavnici sa Sveu\u010dili\u0161ta Taras \u0160ev\u010denko u Kijevu:<\/p>\n<p>&nbsp;<\/p>\n<p><strong>prof. Olena Derkach <\/strong><\/p>\n<p><em>\u0406\u0441\u0442\u043e\u0440\u0456\u044f \u043f\u0435\u0440\u0435\u043a\u043b\u0430\u0434\u043e\u0437\u043d\u0430\u0432\u0441\u0442\u0432\u0430 \u0432 \u0423\u043a\u0440\u0430\u0457\u043d\u0456 (\u0456 \u043f\u0435\u0440\u0435\u043a\u043b\u0430\u0434\u0456\u0432 \u0437 \u0445\u043e\u0440\u0432\u0430\u0442\u0441\u044c\u043a\u043e\u0457) <\/em><\/p>\n<p>utorak 7. 11. u 15:30, A-224<\/p>\n<p>&nbsp;<\/p>\n<p><em>\u041b\u0435\u043a\u0441\u0438\u0447\u043d\u0456 \u043e\u0441\u043e\u0431\u043b\u0438\u0432\u043e\u0441\u0442\u0456 \u043f\u0435\u0440\u0435\u043a\u043b\u0430\u0434\u0443 \u0434\u0456\u043b\u043e\u0432\u0438\u0445 \u043f\u0430\u043f\u0435\u0440\u0456\u0432 \u043d\u0430 \u0443\u043a\u0440\u0430\u0457\u043d\u0441\u044c\u043a\u0443 \u043c\u043e\u0432\u0443 <\/em><\/p>\n<p>utorak 7. 11. u 17:00, A-224<\/p>\n<p>&nbsp;<\/p>\n<p>&nbsp;<\/p>\n<p><strong>prof. Olena Dzjuba<\/strong><\/p>\n<p><em>\u0423\u043a\u0440\u0430\u0457\u043d\u0441\u044c\u043a\u0430 \u043b\u0456\u0442\u0435\u0440\u0430\u0442\u0443\u0440\u0430 \u043d\u0430 \u0435\u043a\u0440\u0430\u043d\u0456<\/em><\/p>\n<p>srijeda 8.11. u 14:00, A-224<\/p>\n<p>&nbsp;<\/p>\n<p><em>\u0423\u043a\u0440\u0430\u0457\u043d\u0441\u044c\u043a\u0430 \u0456\u0441\u0442\u043e\u0440\u0438\u0447\u043d\u043e-\u043f\u0440\u0438\u0433\u043e\u0434\u043d\u0438\u0446\u044c\u043a\u0430 \u043f\u0440\u043e\u0437\u0430 20 \u0441\u0442.<\/em><\/p>\n<p>srijeda 8.11. u 15:30, A-224<\/p>\n<p>&nbsp;<\/p>\n<p>&nbsp;<\/p>\n<p>&nbsp;<\/p>\n<p>Predavanja \u0107e se odr\u017eati na ukrajinskom jeziku.<\/p>\n<p>&nbsp;<\/p>\n<p>&nbsp;<\/p>\n","protected":false},"excerpt":{"rendered":"<p>U sklopu programa Erasmus+ partnerske dr\u017eave, predavanja \u0107e odr\u017eati nastavnici sa Sveu\u010dili\u0161ta Taras \u0160ev\u010denko u Kijevu: &nbsp; prof. Olena Derkach \u0406\u0441\u0442\u043e\u0440\u0456\u044f \u043f\u0435\u0440\u0435\u043a\u043b\u0430\u0434\u043e\u0437\u043d\u0430\u0432\u0441\u0442\u0432\u0430 \u0432 \u0423\u043a\u0440\u0430\u0457\u043d\u0456 (\u0456 \u043f\u0435\u0440\u0435\u043a\u043b\u0430\u0434\u0456\u0432 \u0437 \u0445\u043e\u0440\u0432\u0430\u0442\u0441\u044c\u043a\u043e\u0457) utorak 7. 11. u 15:30, A-224 &nbsp; \u041b\u0435\u043a\u0441\u0438\u0447\u043d\u0456 \u043e\u0441\u043e\u0431\u043b\u0438\u0432\u043e\u0441\u0442\u0456 \u043f\u0435\u0440\u0435\u043a\u043b\u0430\u0434\u0443 \u0434\u0456\u043b\u043e\u0432\u0438\u0445 \u043f\u0430\u043f\u0435\u0440\u0456\u0432 \u043d\u0430 \u0443\u043a\u0440\u0430\u0457\u043d\u0441\u044c\u043a\u0443 \u043c\u043e\u0432\u0443 utorak 7. 11. u 17:00, A-224 &nbsp; &nbsp; prof. Olena Dzjuba \u0423\u043a\u0440\u0430\u0457\u043d\u0441\u044c\u043a\u0430 [&hellip;]<\/p>\n","protected":false},"author":101012,"featured_media":0,"comment_status":"closed","ping_status":"open","sticky":false,"template":"","format":"standard","meta":{"footnotes":""},"categories":[1],"tags":[],"class_list":["post-2237","post","type-post","status-publish","format-standard","hentry","category-uncategorized"],"_links":{"self":[{"href":"https:\/\/ukrainistika.ffzg.unizg.hr\/index.php?rest_route=\/wp\/v2\/posts\/2237"}],"collection":[{"href":"https:\/\/ukrainistika.ffzg.unizg.hr\/index.php?rest_route=\/wp\/v2\/posts"}],"about":[{"href":"https:\/\/ukrainistika.ffzg.unizg.hr\/index.php?rest_route=\/wp\/v2\/types\/post"}],"author":[{"embeddable":true,"href":"https:\/\/ukrainistika.ffzg.unizg.hr\/index.php?rest_route=\/wp\/v2\/users\/101012"}],"replies":[{"embeddable":true,"href":"https:\/\/ukrainistika.ffzg.unizg.hr\/index.php?rest_route=%2Fwp%2Fv2%2Fcomments&post=2237"}],"version-history":[{"count":1,"href":"https:\/\/ukrainistika.ffzg.unizg.hr\/index.php?rest_route=\/wp\/v2\/posts\/2237\/revisions"}],"predecessor-version":[{"id":2238,"href":"https:\/\/ukrainistika.ffzg.unizg.hr\/index.php?rest_route=\/wp\/v2\/posts\/2237\/revisions\/2238"}],"wp:attachment":[{"href":"https:\/\/ukrainistika.ffzg.unizg.hr\/index.php?rest_route=%2Fwp%2Fv2%2Fmedia&parent=2237"}],"wp:term":[{"taxonomy":"category","embeddable":true,"href":"https:\/\/ukrainistika.ffzg.unizg.hr\/index.php?rest_route=%2Fwp%2Fv2%2Fcategories&post=2237"},{"taxonomy":"post_tag","embeddable":true,"href":"https:\/\/ukrainistika.ffzg.unizg.hr\/index.php?rest_route=%2Fwp%2Fv2%2Ftags&post=2237"}],"curies":[{"name":"wp","href":"https:\/\/api.w.org\/{rel}","templated":true}]}}