{"id":2250,"date":"2017-11-23T13:55:49","date_gmt":"2017-11-23T11:55:49","guid":{"rendered":"https:\/\/ukrainistika.ffzg.unizg.hr\/?p=2250"},"modified":"2017-11-25T08:07:31","modified_gmt":"2017-11-25T06:07:31","slug":"susret-s-andrejem-kurkovim-najznacajnijim-suvremenim-ukrajinskim-piscem-prevodenim-i-u-hrvatskoj-petak-24-11-u-1930","status":"publish","type":"post","link":"https:\/\/ukrainistika.ffzg.unizg.hr\/?p=2250","title":{"rendered":"Susret s Andrijem Kurkovim, najzna\u010dajnijim suvremenim ukrajinskim piscem, prevo\u0111enim i u Hrvatskoj, petak, 24.11. u 19,30"},"content":{"rendered":"<p>\u010cast nam je pozvati Vas na 90. obljetnicu Hrvatskog centra PEN-a, 24. i 25. (petak i subota) studenog 2017. u Zagrebu.<\/p>\n<p>Pozivnica:<\/p>\n<p><a href=\"http:\/\/maia.ffzg.hr\/att\/2017\/11\/pozivnica_Astrana.jpg\">http:\/\/maia.ffzg.hr\/att\/2017\/11\/pozivnica_Astrana.jpg<\/a><\/p>\n<p><a href=\"http:\/\/maia.ffzg.hr\/att\/2017\/11\/pozivnica_Bstrana.jpg\">http:\/\/maia.ffzg.hr\/att\/2017\/11\/pozivnica_Bstrana.jpg<\/a><\/p>\n<p>Plakat: <a href=\"http:\/\/maia.ffzg.hr\/att\/2017\/11\/plakat.jpg\">http:\/\/maia.ffzg.hr\/att\/2017\/11\/plakat.jpg<\/a><\/p>\n<p>Veselimo se Va\u0161em dolasku!<\/p>\n<p>Hrvatski P.E.N. centar<\/p>\n<p>*PROGRAM:*<\/p>\n<p>*PETAK24. studenog u 12 sati u Gradskom dramskom kazali\u0161tu Gavella, Frankopanska 10.*<\/p>\n<p>Prigodom 90. obljetnice Hrvatskog PEN-a govorit \u0107e K\u00e4tlin Kaldmaa, Jarkko Tontti i Hori Takeaki ispred Me\u0111unarodnog centra PEN-a, Tonko Maroevi\u0107, Sibila Petlevski i Tomica Bajsi\u0107 iz Hrvatskog centra PEN-a.<\/p>\n<p>Glazbena izvedba:Skladbu Song za guda\u010dki kvartet hrvatskog kompozitora Igora Kuljeri\u0107a izvode Marta Stanec, violina, Lara Rimac, violina, Sonja Jugo, viola i Monika Ho\u010devar na violon\u010delu.<\/p>\n<p>Glumac i ravnatelj kazali\u0161ta Gavella Boris Svrtan izvest \u0107e fragment<\/p>\n<p>monodrame: Vlado Gotovac &#8211; Moj slu\u010daj.<\/p>\n<p>Moderira glumac Ivan Colari\u0107 koji \u0107e pro\u010ditati stihove Tina Ujevi\u0107a.<\/p>\n<p>18 sati u Knji\u017enici i \u010ditaonici Bogdana Ogrizovi\u0107a, Preradovi\u0107eva 5.<\/p>\n<p>PEN u zonama konflikta: \u0160to je PEN i kako djeluje najstarije me\u0111unarodno dru\u0161tvo za za\u0161titu ljudskih prava i najstarija svjetska udruga pjesnika, esejista, romanopisaca, publicista, prevoditelja? Kamerunski pjesnik Enoh Meyomesse, Mykola Riabchuk, knji\u017eevnik i predsjednik Ukrajinskog PEN-a; \u017deljka \u010corak povjesni\u010darka umjetnosti, knji\u017eevnicai dugogodi\u0161nja \u010dlanica Uprave Hrvatskog PEN-a; Simona \u0160krabec iz Katalonskog PEN-a, predsjednica Odbora Me\u0111unarodnoga PEN-a za prevo\u0111enje i jezi\u010dna prava, o povezanosti kongresa PEN-a u Dubrovniku 1933. godine i Barceloni 1935. i opstanku jezika &#8216;male proto\u010dnosti&#8217;. O aktualnim \u017eari\u0161tima govorit \u0107e Marjan Strojan, predsjednik Odbora za mir Me\u0111unarodnog PEN-a.<\/p>\n<p>19 i 30 sati: Susret s Andrejem Kurkovim, najzna\u010dajnijim suvremenim ukrajinskim piscem, prevo\u0111enim i u Hrvatskoj, vodi Nade\u017eda \u010ca\u010dinovi\u010d.<\/p>\n<p>*SUBOTA25. studenog u 10 sati, Hrvatski PEN, Basari\u010dekova 24.*<\/p>\n<p>PEN JU\u010cER I DANAS: Govore Andrej Kurkov, Helmut E. Niederle, Tonko Maroevi\u0107, Zvonko Makovi\u0107, Sibila Petlevski, Vida Ognjenovi\u0107, Marjan Strojan, Katica \u010culavkova, Gojko Bo\u017eovi\u0107, Branko \u010cegec, Seid Serdarevi\u0107, Sanja Roi\u0107, Vjera Balen-Heidl, \u017deljka \u010corak, K\u00e4tlin Kaldmaa, Jarkko Tontti, Hori Takeaki, Mile Stoji\u0107, Ifigenija Simonovi\u0107, Edvard Kova\u010d, Mykola Riabchuk, Nade\u017eda \u010ca\u010dinovi\u010d, Simona \u0160krabec&#8230;<\/p>\n<p><a href=\"https:\/\/ukrainistika.ffzg.unizg.hr\/wp-content\/uploads\/2017\/11\/pozivnica_Astrana.jpg\"><img loading=\"lazy\" decoding=\"async\" class=\"alignleft size-large wp-image-2251\" src=\"https:\/\/ukrainistika.ffzg.unizg.hr\/wp-content\/uploads\/2017\/11\/pozivnica_Astrana-1024x488.jpg\" alt=\"\" width=\"625\" height=\"298\" srcset=\"https:\/\/ukrainistika.ffzg.unizg.hr\/wp-content\/uploads\/2017\/11\/pozivnica_Astrana-1024x488.jpg 1024w, https:\/\/ukrainistika.ffzg.unizg.hr\/wp-content\/uploads\/2017\/11\/pozivnica_Astrana-300x143.jpg 300w, https:\/\/ukrainistika.ffzg.unizg.hr\/wp-content\/uploads\/2017\/11\/pozivnica_Astrana-768x366.jpg 768w, https:\/\/ukrainistika.ffzg.unizg.hr\/wp-content\/uploads\/2017\/11\/pozivnica_Astrana-624x297.jpg 624w, https:\/\/ukrainistika.ffzg.unizg.hr\/wp-content\/uploads\/2017\/11\/pozivnica_Astrana.jpg 1280w\" sizes=\"(max-width: 625px) 100vw, 625px\" \/><\/a><a href=\"https:\/\/ukrainistika.ffzg.unizg.hr\/wp-content\/uploads\/2017\/11\/pozivnica_Bstrana.jpg\"><img loading=\"lazy\" decoding=\"async\" class=\"alignleft size-large wp-image-2252\" src=\"https:\/\/ukrainistika.ffzg.unizg.hr\/wp-content\/uploads\/2017\/11\/pozivnica_Bstrana-1024x488.jpg\" alt=\"\" width=\"625\" height=\"298\" srcset=\"https:\/\/ukrainistika.ffzg.unizg.hr\/wp-content\/uploads\/2017\/11\/pozivnica_Bstrana-1024x488.jpg 1024w, https:\/\/ukrainistika.ffzg.unizg.hr\/wp-content\/uploads\/2017\/11\/pozivnica_Bstrana-300x143.jpg 300w, https:\/\/ukrainistika.ffzg.unizg.hr\/wp-content\/uploads\/2017\/11\/pozivnica_Bstrana-768x366.jpg 768w, https:\/\/ukrainistika.ffzg.unizg.hr\/wp-content\/uploads\/2017\/11\/pozivnica_Bstrana-624x297.jpg 624w, https:\/\/ukrainistika.ffzg.unizg.hr\/wp-content\/uploads\/2017\/11\/pozivnica_Bstrana.jpg 1280w\" sizes=\"(max-width: 625px) 100vw, 625px\" \/><\/a><\/p>\n<p><a href=\"https:\/\/ukrainistika.ffzg.unizg.hr\/wp-content\/uploads\/2017\/11\/plakat.jpg\"><img loading=\"lazy\" decoding=\"async\" class=\"alignleft size-large wp-image-2253\" src=\"https:\/\/ukrainistika.ffzg.unizg.hr\/wp-content\/uploads\/2017\/11\/plakat-735x1024.jpg\" alt=\"\" width=\"625\" height=\"871\" srcset=\"https:\/\/ukrainistika.ffzg.unizg.hr\/wp-content\/uploads\/2017\/11\/plakat-735x1024.jpg 735w, https:\/\/ukrainistika.ffzg.unizg.hr\/wp-content\/uploads\/2017\/11\/plakat-215x300.jpg 215w, https:\/\/ukrainistika.ffzg.unizg.hr\/wp-content\/uploads\/2017\/11\/plakat-768x1070.jpg 768w, https:\/\/ukrainistika.ffzg.unizg.hr\/wp-content\/uploads\/2017\/11\/plakat-624x869.jpg 624w, https:\/\/ukrainistika.ffzg.unizg.hr\/wp-content\/uploads\/2017\/11\/plakat.jpg 919w\" sizes=\"(max-width: 625px) 100vw, 625px\" \/><\/a><\/p>\n","protected":false},"excerpt":{"rendered":"<p>\u010cast nam je pozvati Vas na 90. obljetnicu Hrvatskog centra PEN-a, 24. i 25. (petak i subota) studenog 2017. u Zagrebu. Pozivnica: http:\/\/maia.ffzg.hr\/att\/2017\/11\/pozivnica_Astrana.jpg http:\/\/maia.ffzg.hr\/att\/2017\/11\/pozivnica_Bstrana.jpg Plakat: http:\/\/maia.ffzg.hr\/att\/2017\/11\/plakat.jpg Veselimo se Va\u0161em dolasku! Hrvatski P.E.N. centar *PROGRAM:* *PETAK24. studenog u 12 sati u Gradskom dramskom kazali\u0161tu Gavella, Frankopanska 10.* Prigodom 90. obljetnice Hrvatskog PEN-a govorit \u0107e K\u00e4tlin Kaldmaa, [&hellip;]<\/p>\n","protected":false},"author":3,"featured_media":0,"comment_status":"closed","ping_status":"open","sticky":false,"template":"","format":"standard","meta":{"footnotes":""},"categories":[1],"tags":[],"class_list":["post-2250","post","type-post","status-publish","format-standard","hentry","category-uncategorized"],"_links":{"self":[{"href":"https:\/\/ukrainistika.ffzg.unizg.hr\/index.php?rest_route=\/wp\/v2\/posts\/2250"}],"collection":[{"href":"https:\/\/ukrainistika.ffzg.unizg.hr\/index.php?rest_route=\/wp\/v2\/posts"}],"about":[{"href":"https:\/\/ukrainistika.ffzg.unizg.hr\/index.php?rest_route=\/wp\/v2\/types\/post"}],"author":[{"embeddable":true,"href":"https:\/\/ukrainistika.ffzg.unizg.hr\/index.php?rest_route=\/wp\/v2\/users\/3"}],"replies":[{"embeddable":true,"href":"https:\/\/ukrainistika.ffzg.unizg.hr\/index.php?rest_route=%2Fwp%2Fv2%2Fcomments&post=2250"}],"version-history":[{"count":2,"href":"https:\/\/ukrainistika.ffzg.unizg.hr\/index.php?rest_route=\/wp\/v2\/posts\/2250\/revisions"}],"predecessor-version":[{"id":2268,"href":"https:\/\/ukrainistika.ffzg.unizg.hr\/index.php?rest_route=\/wp\/v2\/posts\/2250\/revisions\/2268"}],"wp:attachment":[{"href":"https:\/\/ukrainistika.ffzg.unizg.hr\/index.php?rest_route=%2Fwp%2Fv2%2Fmedia&parent=2250"}],"wp:term":[{"taxonomy":"category","embeddable":true,"href":"https:\/\/ukrainistika.ffzg.unizg.hr\/index.php?rest_route=%2Fwp%2Fv2%2Fcategories&post=2250"},{"taxonomy":"post_tag","embeddable":true,"href":"https:\/\/ukrainistika.ffzg.unizg.hr\/index.php?rest_route=%2Fwp%2Fv2%2Ftags&post=2250"}],"curies":[{"name":"wp","href":"https:\/\/api.w.org\/{rel}","templated":true}]}}