{"id":2276,"date":"2017-12-11T10:37:31","date_gmt":"2017-12-11T08:37:31","guid":{"rendered":"https:\/\/ukrainistika.ffzg.unizg.hr\/?p=2276"},"modified":"2017-12-11T10:37:31","modified_gmt":"2017-12-11T08:37:31","slug":"obavijest-24","status":"publish","type":"post","link":"https:\/\/ukrainistika.ffzg.unizg.hr\/?p=2276","title":{"rendered":"Obavijest"},"content":{"rendered":"<p><strong>NADOKNADA \u2013 FUNKCIONALNI STILOVI I PREVO\u0110ENJE (TETYANA FUDERER)<\/strong><\/p>\n<p>Zbog odr\u017eavanja prezentacije zbornika <em>Bukovina<\/em> predvi\u0111ene za utorak, 12. prosinca 2017., nadoknada djela nastave iz Funkcionalnih stilova i prevo\u0111enja odr\u017eat \u0107e se u \u010detvrtak, <strong>14. prosinca 2017., u terminu od 8:00 do 9:30 u A-306.<\/strong><\/p>\n<p><strong>\u00a0<\/strong><strong>NADOKNADA \u2013 LEKSIKOLOGIJA I FRAZEOLOGIJA (TETYANA FUDERER)<\/strong><\/p>\n<p>Nadoknada nastave iz <em>Leksikologije i frazeologije ukrajinskog jezika <\/em>koja nije bila odr\u017eana u utorak, 5. prosinca 2017., zbog bolesti nastavnika odr\u017eat \u0107e se u petak, <strong>15. prosinca, u terminu od 15:30 do 17:00 u A-302.<\/strong><\/p>\n","protected":false},"excerpt":{"rendered":"<p>NADOKNADA \u2013 FUNKCIONALNI STILOVI I PREVO\u0110ENJE (TETYANA FUDERER) Zbog odr\u017eavanja prezentacije zbornika Bukovina predvi\u0111ene za utorak, 12. prosinca 2017., nadoknada djela nastave iz Funkcionalnih stilova i prevo\u0111enja odr\u017eat \u0107e se u \u010detvrtak, 14. prosinca 2017., u terminu od 8:00 do 9:30 u A-306. \u00a0NADOKNADA \u2013 LEKSIKOLOGIJA I FRAZEOLOGIJA (TETYANA FUDERER) Nadoknada nastave iz Leksikologije i [&hellip;]<\/p>\n","protected":false},"author":101012,"featured_media":0,"comment_status":"closed","ping_status":"open","sticky":false,"template":"","format":"standard","meta":{"footnotes":""},"categories":[1],"tags":[],"class_list":["post-2276","post","type-post","status-publish","format-standard","hentry","category-uncategorized"],"_links":{"self":[{"href":"https:\/\/ukrainistika.ffzg.unizg.hr\/index.php?rest_route=\/wp\/v2\/posts\/2276"}],"collection":[{"href":"https:\/\/ukrainistika.ffzg.unizg.hr\/index.php?rest_route=\/wp\/v2\/posts"}],"about":[{"href":"https:\/\/ukrainistika.ffzg.unizg.hr\/index.php?rest_route=\/wp\/v2\/types\/post"}],"author":[{"embeddable":true,"href":"https:\/\/ukrainistika.ffzg.unizg.hr\/index.php?rest_route=\/wp\/v2\/users\/101012"}],"replies":[{"embeddable":true,"href":"https:\/\/ukrainistika.ffzg.unizg.hr\/index.php?rest_route=%2Fwp%2Fv2%2Fcomments&post=2276"}],"version-history":[{"count":1,"href":"https:\/\/ukrainistika.ffzg.unizg.hr\/index.php?rest_route=\/wp\/v2\/posts\/2276\/revisions"}],"predecessor-version":[{"id":2277,"href":"https:\/\/ukrainistika.ffzg.unizg.hr\/index.php?rest_route=\/wp\/v2\/posts\/2276\/revisions\/2277"}],"wp:attachment":[{"href":"https:\/\/ukrainistika.ffzg.unizg.hr\/index.php?rest_route=%2Fwp%2Fv2%2Fmedia&parent=2276"}],"wp:term":[{"taxonomy":"category","embeddable":true,"href":"https:\/\/ukrainistika.ffzg.unizg.hr\/index.php?rest_route=%2Fwp%2Fv2%2Fcategories&post=2276"},{"taxonomy":"post_tag","embeddable":true,"href":"https:\/\/ukrainistika.ffzg.unizg.hr\/index.php?rest_route=%2Fwp%2Fv2%2Ftags&post=2276"}],"curies":[{"name":"wp","href":"https:\/\/api.w.org\/{rel}","templated":true}]}}