{"id":2279,"date":"2017-12-13T11:48:10","date_gmt":"2017-12-13T09:48:10","guid":{"rendered":"https:\/\/ukrainistika.ffzg.unizg.hr\/?p=2279"},"modified":"2017-12-13T11:48:10","modified_gmt":"2017-12-13T09:48:10","slug":"obavijest-25","status":"publish","type":"post","link":"https:\/\/ukrainistika.ffzg.unizg.hr\/?p=2279","title":{"rendered":"Obavijest"},"content":{"rendered":"<p>PREDSTAVLJANJE ZBORNIKA TRANZICIJA I KULTURNO PAM\u0106ENJE<br \/>\nU petak, 15. prosinca 2017. odr\u017eat \u0107e se predstavljanje zbornika radova Tranzicija i kulturno pam\u0107enje (ur. Virna Karli\u0107, Sanja \u0160aki\u0107, Du\u0161an Marinkovi\u0107) u izdanju Srednje Europe.<\/p>\n<p>O knjizi \u0107e govoriti prof. dr. sc. Tomislav Brlek, prof. dr. sc. Nenad Ivi\u0107, prof. dr. sc. Drago Roksandi\u0107 i urednici. Uime Filozofskog fakulteta govorit \u0107e prof. dr. sc. Dean Duda, prodekan za organizaciju i razvoj, a uime Odsjeka za ju\u017enoslavenske jezike i knji\u017eevnosti prof. dr. sc. Anita Peti-Stanti\u0107, pro\u010delnica Odsjeka.<\/p>\n<p>Vrijeme i mjesto odr\u017eavanja: petak, 15. prosinca 2017. u 12:00 sati, Vije\u0107nica Filozofskog fakulteta u Zagrebu.<\/p>\n<p><a href=\"https:\/\/ukrainistika.ffzg.unizg.hr\/wp-content\/uploads\/2017\/12\/pozivnica.png\"><img loading=\"lazy\" decoding=\"async\" class=\"alignnone size-medium wp-image-2278\" src=\"https:\/\/ukrainistika.ffzg.unizg.hr\/wp-content\/uploads\/2017\/12\/pozivnica-300x141.png\" alt=\"\" width=\"300\" height=\"141\" srcset=\"https:\/\/ukrainistika.ffzg.unizg.hr\/wp-content\/uploads\/2017\/12\/pozivnica-300x141.png 300w, https:\/\/ukrainistika.ffzg.unizg.hr\/wp-content\/uploads\/2017\/12\/pozivnica-768x362.png 768w, https:\/\/ukrainistika.ffzg.unizg.hr\/wp-content\/uploads\/2017\/12\/pozivnica-1024x483.png 1024w, https:\/\/ukrainistika.ffzg.unizg.hr\/wp-content\/uploads\/2017\/12\/pozivnica-624x294.png 624w, https:\/\/ukrainistika.ffzg.unizg.hr\/wp-content\/uploads\/2017\/12\/pozivnica.png 1269w\" sizes=\"(max-width: 300px) 100vw, 300px\" \/><\/a><\/p>\n","protected":false},"excerpt":{"rendered":"<p>PREDSTAVLJANJE ZBORNIKA TRANZICIJA I KULTURNO PAM\u0106ENJE U petak, 15. prosinca 2017. odr\u017eat \u0107e se predstavljanje zbornika radova Tranzicija i kulturno pam\u0107enje (ur. Virna Karli\u0107, Sanja \u0160aki\u0107, Du\u0161an Marinkovi\u0107) u izdanju Srednje Europe. O knjizi \u0107e govoriti prof. dr. sc. Tomislav Brlek, prof. dr. sc. Nenad Ivi\u0107, prof. dr. sc. Drago Roksandi\u0107 i urednici. Uime Filozofskog [&hellip;]<\/p>\n","protected":false},"author":101012,"featured_media":0,"comment_status":"closed","ping_status":"open","sticky":false,"template":"","format":"standard","meta":{"footnotes":""},"categories":[1],"tags":[],"class_list":["post-2279","post","type-post","status-publish","format-standard","hentry","category-uncategorized"],"_links":{"self":[{"href":"https:\/\/ukrainistika.ffzg.unizg.hr\/index.php?rest_route=\/wp\/v2\/posts\/2279"}],"collection":[{"href":"https:\/\/ukrainistika.ffzg.unizg.hr\/index.php?rest_route=\/wp\/v2\/posts"}],"about":[{"href":"https:\/\/ukrainistika.ffzg.unizg.hr\/index.php?rest_route=\/wp\/v2\/types\/post"}],"author":[{"embeddable":true,"href":"https:\/\/ukrainistika.ffzg.unizg.hr\/index.php?rest_route=\/wp\/v2\/users\/101012"}],"replies":[{"embeddable":true,"href":"https:\/\/ukrainistika.ffzg.unizg.hr\/index.php?rest_route=%2Fwp%2Fv2%2Fcomments&post=2279"}],"version-history":[{"count":1,"href":"https:\/\/ukrainistika.ffzg.unizg.hr\/index.php?rest_route=\/wp\/v2\/posts\/2279\/revisions"}],"predecessor-version":[{"id":2280,"href":"https:\/\/ukrainistika.ffzg.unizg.hr\/index.php?rest_route=\/wp\/v2\/posts\/2279\/revisions\/2280"}],"wp:attachment":[{"href":"https:\/\/ukrainistika.ffzg.unizg.hr\/index.php?rest_route=%2Fwp%2Fv2%2Fmedia&parent=2279"}],"wp:term":[{"taxonomy":"category","embeddable":true,"href":"https:\/\/ukrainistika.ffzg.unizg.hr\/index.php?rest_route=%2Fwp%2Fv2%2Fcategories&post=2279"},{"taxonomy":"post_tag","embeddable":true,"href":"https:\/\/ukrainistika.ffzg.unizg.hr\/index.php?rest_route=%2Fwp%2Fv2%2Ftags&post=2279"}],"curies":[{"name":"wp","href":"https:\/\/api.w.org\/{rel}","templated":true}]}}