{"id":2393,"date":"2018-05-17T09:32:05","date_gmt":"2018-05-17T07:32:05","guid":{"rendered":"https:\/\/ukrainistika.ffzg.unizg.hr\/?p=2393"},"modified":"2018-05-17T09:32:05","modified_gmt":"2018-05-17T07:32:05","slug":"obavijest-40","status":"publish","type":"post","link":"https:\/\/ukrainistika.ffzg.unizg.hr\/?p=2393","title":{"rendered":"Obavijest"},"content":{"rendered":"<p>Obra\u0107amo Vam se s pozivom na \u010detrnaesti me\u0111unarodni skup mladih slavista \u201eKonferenciju mladih slavista XIV.\u201c koji \u0107e se odr\u017eati kao i svake godine u terminu 1. i 2. studenog\/novembra 2018. godine na Filozofskom fakultetu Karlova sveu\u010dili\u0161ta u Pragu. Ovogodi\u0161nja tema na\u0161eg susreta bit ce \u201eSREDNJA, JU\u017dNA I ISTO\u010cNA EUROPA U 1918: DRU\u0160TVENA ZBIVANJA, ME\u0110UNARODNI KONTEKST I PARALELE\u201c. Zainteresirani studenti, doktorandi i mladi istra\u017eitelji do 35 godina starosti, dobit \u0107e mogu\u0107nost prezentirati rezultate svojih istra\u017eivanja pred kolegama iz raznih zemalja.<br \/>\nSkup nadovezuje na prethodne uspje\u0161ne konferencije, koje se odr\u017eavaju godi\u0161nje od 2005. godine. Osnovni cilj na\u0161eg projekta je razmjena informacija o znanstvenom radu, ne samo studenata u pojedinim podru\u010djima slavistike, no i na odsjecima za slavistiku raznih sveu\u010dili\u0161ta i znanstvenih ustanova. Prema na\u0161em mi\u0161ljenju, potrebno je osigurati dovoljno \u0161irok krug izlaga\u010da i slu\u0161atelja za plodnu raspravu, koja bi omogu\u0107ila umre\u017eiti \u201emlade slaviste\u201c u \u0161irem podru\u010dju.<br \/>\nDozvolite nam pozvati studente iz Hrvatske, Bosne, Crne Gore i Srbije na ovogodi\u0161nje dru\u017eenje! Bit \u0107emo zahvalni za bilo koje \u0161irenje informacija o skupu me\u0111u Va\u0161im kolegama i studentima.<br \/>\nKonferencija mladih slavista 2018: \u201eSREDNJA, JU\u017dNA I ISTO\u010cNA EUROPA U 1918: DRU\u0160TVENA ZBIVANJA, ME\u0110UNARODNI KONTEKST I PARALELE\u201c<br \/>\nTermin konferencije: 1. &#8211; 2. studeni\/novembar 2018 v Pragu na Filozofskom fakultetu Karlova Sveu\u010dili\u0161ta<br \/>\nRok za slanje prijavnica: do 30. lipnja\/juna 2018 popuniti elektronski obrazac na adresi https:\/\/bit.ly\/2rggpVH<br \/>\nJezici konferencije: Slu\u017eimo se SVIM SLAVENSKIM JEZICIMA.<br \/>\nKotizacija: 1 500 CZK \/ 60 EUR (referat) ili poster 500 CZK \/ 20 EUR<br \/>\nUcestnicima iz inozemstva mozemo ponuditi povoljniji smje\u0161taj u studentskom domu FF UK (tro\u0161kove snosi u\u010desnici).<br \/>\nDodatne informacije:<br \/>\nKonferencija je namijenjena studentima preddiplomskog, diplomskog i poslijediplomskog studija, kao i mladim istra\u017eiteljima do 35 godina starosti.<br \/>\nReferati \u0107e ovisno od odabranih tema biti raspore\u0111eni u sekcije koje \u0107e predvoditi \u010dlanovi akademske zajednice (doktorandi i profesori) FF UK.<br \/>\nTematska podru\u010dja su odre\u0111ena naslovom konferencije \u201eSREDNJA, JU\u017dNA I ISTO\u010cNA EUROPA U 1918: DRU\u0160TVENA ZBIVANJA, ME\u0110UNARODNI KONTEKST I PARALELE\u201c i pojedine sekcije bit \u0107ete dodijeljeni na osnovi anotacija:<br \/>\nJEZIK<br \/>\nKNJI\u017dEVNOST<br \/>\nPOVIJEST<br \/>\nOSTALO<br \/>\nPOSTERI ako ste zainteresirani \u0161aljite u formatu A0 (841 mm \u00d7 1189 mm)<\/p>\n<p>Du\u017eina izlaganja treba biti od 15 do 20 minuta, referenti trebaju pripremiti prezentaciju ili dovoljan broj sinopsisa za slu\u0161atelje konferencije.<br \/>\nSudionici koji \u0107e svoje referate pripremiti u obliku cjelovite studije, imat \u0107e mogu\u0107nost objaviti svoj tekst u recenziranom zborniku. Editori zbornika zadr\u017eavaju pravo predlo\u017eiti ure\u0111enje poslanih tekstova referata ili tekstove odbiti u slu\u010daju da ne zadovoljavaju formalne, sadr\u017eajne ili znanstvene kriterije za objavljivanje u zborniku.<br \/>\nOp\u0107e informacije su pristupne na FB konferencije http:\/\/www.facebook.com\/SLAVKONF ili web stranicama konferencije http:\/\/slavkonf.ff.cuni.cz\/ Sa ostalim pitanjima se mozete obratiti na e-mail adresu: slavkonf@ff.cuni.cz<br \/>\nLjubazno vas molimo popunite prijavnice u jeziku izlaganja i na engleskom na adresi https:\/\/bit.ly\/2rggpVH najkasnije do 30. lipnja\/juna 2018<br \/>\nZahvaljujemo Vam se na suradnji i pru\u017eenoj podr\u0161ci na\u0161e inicijative i nadamo se susretu sa studentima va\u0161ih sveu\u010dili\u0161ta u \u201eZlatnom Pragu\u201c 1 i 2 studenog 2018!<\/p>\n<p>U ime organizatora srda\u010dno pozdravlja<br \/>\nMgr. Dajana Vasiljevi\u010dov\u00e1<\/p>\n<p>Dear Professors\/college lecturers\/doctors,<\/p>\n<p>we have the pleasure to inform You that in the days 1\u20132 November, the fourteenth year of the international Conference of the Young Slavists with the subheading: Central, South and East Europe and the Year 1918: Social and International Context is going to take place at the Faculty of Arts, Charles University, Prague. All interested people such as senior students, graduates, alumnae, PhD students and young scholars will once again be able to present the results of their scientific activities. We seek to continue the successful legacy established in previous years 2005\u20132017 and heartily invite participants from your university to join us at the conference!<br \/>\nWe would be very grateful for spreading this information among Your students and colleagues.<\/p>\n<p>The aim of this project is to increase the permeability of information about scientific activities across Slavonic specialisations and various Slavonic workplaces. To achieve it we need to set up quite a large amount of papers and provide good conditions for development of useful discussion.<\/p>\n<p>We ask prospective participants to prepare a paper in a length of of 15\u201320 minutes, and possibly a poster of the A0 the paper size. All Slavonic languages will be the languages of the conference. The reports will be divided into sections according to the topics. The sections will be conducted by the members of academia of the Charles University. Participants in the conference presenting a paper will be offered to publish their contribution in a form of comprehensive study in conference proceedings.<\/p>\n<p>Sections will be made after choosing the papers based on the synopsis. Topic areas are specified by the conference title &#8220;Central, South and East Europe and the Year 1918: Social and International Context &#8220;:<br \/>\n1. language<br \/>\n2. literature<br \/>\n3. history<br \/>\n4. others<br \/>\n5. POSTERS<br \/>\nAccommodation: If applied in time, we also provide accommodation in Charles University dormitory for participants from outside Prague and from abroad (participant pays the costs).<\/p>\n<p>We will be happy to answer any needed questions by e-mail slavkonf@ff.cuni.cz. Deadline for application with filled in form is 30 June. We ask interested persons to fill in the paper synopsis in English and in the language of the paper on https:\/\/bit.ly\/2rggpVH. Further information on the website http:\/\/slavkonf.ff.cuni.cz\/.<\/p>\n<p>Thank You for Your cooperation! We are looking forward to meeting students and researchers from Your faculty!<\/p>\n<p>Kind regards,<\/p>\n<p>Mgr. Dajana Vasiljevi\u0107ov\u00e1<\/p>\n<p>member of the SLAVKONF organisational team<\/p>\n","protected":false},"excerpt":{"rendered":"<p>Obra\u0107amo Vam se s pozivom na \u010detrnaesti me\u0111unarodni skup mladih slavista \u201eKonferenciju mladih slavista XIV.\u201c koji \u0107e se odr\u017eati kao i svake godine u terminu 1. i 2. studenog\/novembra 2018. godine na Filozofskom fakultetu Karlova sveu\u010dili\u0161ta u Pragu. Ovogodi\u0161nja tema na\u0161eg susreta bit ce \u201eSREDNJA, JU\u017dNA I ISTO\u010cNA EUROPA U 1918: DRU\u0160TVENA ZBIVANJA, ME\u0110UNARODNI KONTEKST [&hellip;]<\/p>\n","protected":false},"author":101012,"featured_media":0,"comment_status":"closed","ping_status":"open","sticky":false,"template":"","format":"standard","meta":{"footnotes":""},"categories":[1],"tags":[],"class_list":["post-2393","post","type-post","status-publish","format-standard","hentry","category-uncategorized"],"_links":{"self":[{"href":"https:\/\/ukrainistika.ffzg.unizg.hr\/index.php?rest_route=\/wp\/v2\/posts\/2393"}],"collection":[{"href":"https:\/\/ukrainistika.ffzg.unizg.hr\/index.php?rest_route=\/wp\/v2\/posts"}],"about":[{"href":"https:\/\/ukrainistika.ffzg.unizg.hr\/index.php?rest_route=\/wp\/v2\/types\/post"}],"author":[{"embeddable":true,"href":"https:\/\/ukrainistika.ffzg.unizg.hr\/index.php?rest_route=\/wp\/v2\/users\/101012"}],"replies":[{"embeddable":true,"href":"https:\/\/ukrainistika.ffzg.unizg.hr\/index.php?rest_route=%2Fwp%2Fv2%2Fcomments&post=2393"}],"version-history":[{"count":1,"href":"https:\/\/ukrainistika.ffzg.unizg.hr\/index.php?rest_route=\/wp\/v2\/posts\/2393\/revisions"}],"predecessor-version":[{"id":2394,"href":"https:\/\/ukrainistika.ffzg.unizg.hr\/index.php?rest_route=\/wp\/v2\/posts\/2393\/revisions\/2394"}],"wp:attachment":[{"href":"https:\/\/ukrainistika.ffzg.unizg.hr\/index.php?rest_route=%2Fwp%2Fv2%2Fmedia&parent=2393"}],"wp:term":[{"taxonomy":"category","embeddable":true,"href":"https:\/\/ukrainistika.ffzg.unizg.hr\/index.php?rest_route=%2Fwp%2Fv2%2Fcategories&post=2393"},{"taxonomy":"post_tag","embeddable":true,"href":"https:\/\/ukrainistika.ffzg.unizg.hr\/index.php?rest_route=%2Fwp%2Fv2%2Ftags&post=2393"}],"curies":[{"name":"wp","href":"https:\/\/api.w.org\/{rel}","templated":true}]}}