{"id":2658,"date":"2019-03-11T15:24:59","date_gmt":"2019-03-11T13:24:59","guid":{"rendered":"https:\/\/ukrainistika.ffzg.unizg.hr\/?p=2658"},"modified":"2019-03-11T15:25:45","modified_gmt":"2019-03-11T13:25:45","slug":"obavijest-svecanost-obiljezavanja-250-obljetnice-rodenja-ukrajinskog-velikana-i-pjesnika-tarasa-sevcenka","status":"publish","type":"post","link":"https:\/\/ukrainistika.ffzg.unizg.hr\/?p=2658","title":{"rendered":"Obavijest \u2013 Sve\u010danost obilje\u017eavanja 250. obljetnice ro\u0111enja ukrajinskog velikana i pjesnika Tarasa \u0160ev\u010denka"},"content":{"rendered":"<p>Sve\u010danost zajedni\u010dkog obilje\u017eavanja 250. godi\u0161njice ro\u0111enja Tarasa \u0160ev\u010denka odr\u017eat \u0107e se u \u010detvrtak 14.o\u017eujka 2019. s po\u010detkom u 16,30 kod spomenika Tarasu \u0160ev\u010denku u zagreba\u010dkoj Ukrajinskoj ulici. Pozivnicu mo\u017eete pogledati\u00a0<a href=\"https:\/\/ukrainistika.ffzg.unizg.hr\/?attachment_id=2659\"><u>ovdje<\/u><\/a>.<\/p>\n","protected":false},"excerpt":{"rendered":"<p>Sve\u010danost zajedni\u010dkog obilje\u017eavanja 250. godi\u0161njice ro\u0111enja Tarasa \u0160ev\u010denka odr\u017eat \u0107e se u \u010detvrtak 14.o\u017eujka 2019. s po\u010detkom u 16,30 kod spomenika Tarasu \u0160ev\u010denku u zagreba\u010dkoj Ukrajinskoj ulici. Pozivnicu mo\u017eete pogledati\u00a0ovdje.<\/p>\n","protected":false},"author":101012,"featured_media":0,"comment_status":"closed","ping_status":"open","sticky":false,"template":"","format":"standard","meta":{"footnotes":""},"categories":[1],"tags":[],"class_list":["post-2658","post","type-post","status-publish","format-standard","hentry","category-uncategorized"],"_links":{"self":[{"href":"https:\/\/ukrainistika.ffzg.unizg.hr\/index.php?rest_route=\/wp\/v2\/posts\/2658"}],"collection":[{"href":"https:\/\/ukrainistika.ffzg.unizg.hr\/index.php?rest_route=\/wp\/v2\/posts"}],"about":[{"href":"https:\/\/ukrainistika.ffzg.unizg.hr\/index.php?rest_route=\/wp\/v2\/types\/post"}],"author":[{"embeddable":true,"href":"https:\/\/ukrainistika.ffzg.unizg.hr\/index.php?rest_route=\/wp\/v2\/users\/101012"}],"replies":[{"embeddable":true,"href":"https:\/\/ukrainistika.ffzg.unizg.hr\/index.php?rest_route=%2Fwp%2Fv2%2Fcomments&post=2658"}],"version-history":[{"count":2,"href":"https:\/\/ukrainistika.ffzg.unizg.hr\/index.php?rest_route=\/wp\/v2\/posts\/2658\/revisions"}],"predecessor-version":[{"id":2661,"href":"https:\/\/ukrainistika.ffzg.unizg.hr\/index.php?rest_route=\/wp\/v2\/posts\/2658\/revisions\/2661"}],"wp:attachment":[{"href":"https:\/\/ukrainistika.ffzg.unizg.hr\/index.php?rest_route=%2Fwp%2Fv2%2Fmedia&parent=2658"}],"wp:term":[{"taxonomy":"category","embeddable":true,"href":"https:\/\/ukrainistika.ffzg.unizg.hr\/index.php?rest_route=%2Fwp%2Fv2%2Fcategories&post=2658"},{"taxonomy":"post_tag","embeddable":true,"href":"https:\/\/ukrainistika.ffzg.unizg.hr\/index.php?rest_route=%2Fwp%2Fv2%2Ftags&post=2658"}],"curies":[{"name":"wp","href":"https:\/\/api.w.org\/{rel}","templated":true}]}}