{"id":3884,"date":"2024-02-23T12:34:46","date_gmt":"2024-02-23T10:34:46","guid":{"rendered":"https:\/\/ukrainistika.ffzg.unizg.hr\/?p=3884"},"modified":"2024-02-24T12:39:33","modified_gmt":"2024-02-24T10:39:33","slug":"podrska-ukrajini-milenijska-fotografija-srce-za-ukrajinu","status":"publish","type":"post","link":"https:\/\/ukrainistika.ffzg.unizg.hr\/?p=3884","title":{"rendered":"Podr\u0161ka Ukrajini \u2013 milenijska fotografija \u201dSrce za Ukrajinu\u201d"},"content":{"rendered":"<p>&nbsp;<\/p>\n<p><a href=\"https:\/\/ukrainistika.ffzg.unizg.hr\/wp-content\/uploads\/2024\/02\/Srce-za-Ukrajinu..jpg\"><img loading=\"lazy\" decoding=\"async\" class=\"alignnone size-large wp-image-3885\" src=\"https:\/\/ukrainistika.ffzg.unizg.hr\/wp-content\/uploads\/2024\/02\/Srce-za-Ukrajinu.-1024x683.jpg\" alt=\"\" width=\"625\" height=\"417\" srcset=\"https:\/\/ukrainistika.ffzg.unizg.hr\/wp-content\/uploads\/2024\/02\/Srce-za-Ukrajinu.-1024x683.jpg 1024w, https:\/\/ukrainistika.ffzg.unizg.hr\/wp-content\/uploads\/2024\/02\/Srce-za-Ukrajinu.-300x200.jpg 300w, https:\/\/ukrainistika.ffzg.unizg.hr\/wp-content\/uploads\/2024\/02\/Srce-za-Ukrajinu.-768x512.jpg 768w, https:\/\/ukrainistika.ffzg.unizg.hr\/wp-content\/uploads\/2024\/02\/Srce-za-Ukrajinu.-624x416.jpg 624w\" sizes=\"(max-width: 625px) 100vw, 625px\" \/><\/a><\/p>\n<p>Povodom 2. godi\u0161njice od po\u010detka velike vojne agresije Rusije na Ukrajinu koja je po\u010dela 24.2.2022. dana su nastavnici i studenti Ukrajinistike, uz podr\u0161ku dekana izv. prof. dr. sc. Domagoja Ton\u010dini\u0107a, prodekana za poslovanje prof. dr. sc. Miljenka Jurkovi\u0107a i prodekanice za nastavu i studente prof. dr. sc. Ivane Vidovi\u0107 Bolt, pru\u017eili potporu ukrajinskom narodu, posebno studentima, nastavnicima i znanstvenicima u Ukrajini, snimiv\u0161i milenijsku fotografiju \u2018  \u2019.\u00a0<span class=\"x3nfvp2 x1j61x8r x1fcty0u xdj266r xhhsvwb xat24cr xgzva0m xxymvpz xlup9mm x1kky2od\"><img loading=\"lazy\" decoding=\"async\" class=\"xz74otr\" src=\"https:\/\/static.xx.fbcdn.net\/images\/emoji.php\/v9\/t8f\/1.5\/16\/1f1ed_1f1f7.png\" alt=\"\" width=\"16\" height=\"16\" \/><\/span><span class=\"x3nfvp2 x1j61x8r x1fcty0u xdj266r xhhsvwb xat24cr xgzva0m xxymvpz xlup9mm x1kky2od\"><img loading=\"lazy\" decoding=\"async\" class=\"xz74otr\" src=\"https:\/\/static.xx.fbcdn.net\/images\/emoji.php\/v9\/t8b\/1.5\/16\/1f1fa_1f1e6.png\" alt=\"\" width=\"16\" height=\"16\" \/><\/span><\/p>\n<p>Neka ova slika bude simbol na\u0161e solidarnosti i podr\u0161ke u borbi za mir.\u00a0<span class=\"x3nfvp2 x1j61x8r x1fcty0u xdj266r xhhsvwb xat24cr xgzva0m xxymvpz xlup9mm x1kky2od\"><img loading=\"lazy\" decoding=\"async\" class=\"xz74otr\" src=\"https:\/\/static.xx.fbcdn.net\/images\/emoji.php\/v9\/tc5\/1.5\/16\/1f499.png\" alt=\"\" width=\"16\" height=\"16\" \/><\/span><span class=\"x3nfvp2 x1j61x8r x1fcty0u xdj266r xhhsvwb xat24cr xgzva0m xxymvpz xlup9mm x1kky2od\"><img loading=\"lazy\" decoding=\"async\" class=\"xz74otr\" src=\"https:\/\/static.xx.fbcdn.net\/images\/emoji.php\/v9\/t6e\/1.5\/16\/1f49b.png\" alt=\"\" width=\"16\" height=\"16\" \/><\/span><\/p>\n","protected":false},"excerpt":{"rendered":"<p>&nbsp; Povodom 2. godi\u0161njice od po\u010detka velike vojne agresije Rusije na Ukrajinu koja je po\u010dela 24.2.2022. dana su nastavnici i studenti Ukrajinistike, uz podr\u0161ku dekana izv. prof. dr. sc. Domagoja Ton\u010dini\u0107a, prodekana za poslovanje prof. dr. sc. Miljenka Jurkovi\u0107a i prodekanice za nastavu i studente prof. dr. sc. Ivane Vidovi\u0107 Bolt, pru\u017eili potporu ukrajinskom narodu, [&hellip;]<\/p>\n","protected":false},"author":3,"featured_media":0,"comment_status":"closed","ping_status":"open","sticky":false,"template":"","format":"standard","meta":{"footnotes":""},"categories":[1],"tags":[],"class_list":["post-3884","post","type-post","status-publish","format-standard","hentry","category-uncategorized"],"_links":{"self":[{"href":"https:\/\/ukrainistika.ffzg.unizg.hr\/index.php?rest_route=\/wp\/v2\/posts\/3884"}],"collection":[{"href":"https:\/\/ukrainistika.ffzg.unizg.hr\/index.php?rest_route=\/wp\/v2\/posts"}],"about":[{"href":"https:\/\/ukrainistika.ffzg.unizg.hr\/index.php?rest_route=\/wp\/v2\/types\/post"}],"author":[{"embeddable":true,"href":"https:\/\/ukrainistika.ffzg.unizg.hr\/index.php?rest_route=\/wp\/v2\/users\/3"}],"replies":[{"embeddable":true,"href":"https:\/\/ukrainistika.ffzg.unizg.hr\/index.php?rest_route=%2Fwp%2Fv2%2Fcomments&post=3884"}],"version-history":[{"count":1,"href":"https:\/\/ukrainistika.ffzg.unizg.hr\/index.php?rest_route=\/wp\/v2\/posts\/3884\/revisions"}],"predecessor-version":[{"id":3886,"href":"https:\/\/ukrainistika.ffzg.unizg.hr\/index.php?rest_route=\/wp\/v2\/posts\/3884\/revisions\/3886"}],"wp:attachment":[{"href":"https:\/\/ukrainistika.ffzg.unizg.hr\/index.php?rest_route=%2Fwp%2Fv2%2Fmedia&parent=3884"}],"wp:term":[{"taxonomy":"category","embeddable":true,"href":"https:\/\/ukrainistika.ffzg.unizg.hr\/index.php?rest_route=%2Fwp%2Fv2%2Fcategories&post=3884"},{"taxonomy":"post_tag","embeddable":true,"href":"https:\/\/ukrainistika.ffzg.unizg.hr\/index.php?rest_route=%2Fwp%2Fv2%2Ftags&post=3884"}],"curies":[{"name":"wp","href":"https:\/\/api.w.org\/{rel}","templated":true}]}}