{"id":3938,"date":"2024-04-02T21:26:27","date_gmt":"2024-04-02T19:26:27","guid":{"rendered":"https:\/\/ukrainistika.ffzg.unizg.hr\/?p=3938"},"modified":"2024-04-02T21:26:27","modified_gmt":"2024-04-02T19:26:27","slug":"gostujuce-profesorice-s-kijevskog-nacionalnog-sveucilista-taras-sevcenko","status":"publish","type":"post","link":"https:\/\/ukrainistika.ffzg.unizg.hr\/?p=3938","title":{"rendered":"Gostuju\u0107e profesorice s Kijevskog nacionalnog sveu\u010dili\u0161ta Taras \u0160ev\u010denko"},"content":{"rendered":"<p>Obavje\u0161tavamo vas da \u0107e u sklopu programa Erasmus+ partnerske zemlje na Katedri za ukrajinski jezik i knji\u017eevnost predavanja odr\u017eati gostuju\u0107e profesorice s Kijevskog nacionalnog sveu\u010dili\u0161ta Taras \u0160ev\u010denko:<\/p>\n<p><strong>prof. Olena Dziuba-Pogrebniak<\/strong> &#8220;Ukrajinska knji\u017eevnost i Prvi svjetski rat&#8221;, 5.4. u 14:00 u A-224<\/p>\n<p><strong>prof. Lesja Steblyna<\/strong> &#8220;Nove rije\u010di i izrazi u ukrajinskom jeziku&#8221; 4.4. u 14:45 u A-224<\/p>\n<p><strong>prof. Olena Derka\u010d<\/strong> &#8220;Prijevodi suvremene hrvatske knji\u017eevnosti u Ukrajini&#8221; 4.4. u 16:15 u A-224.<\/p>\n<p>&nbsp;<\/p>\n","protected":false},"excerpt":{"rendered":"<p>Obavje\u0161tavamo vas da \u0107e u sklopu programa Erasmus+ partnerske zemlje na Katedri za ukrajinski jezik i knji\u017eevnost predavanja odr\u017eati gostuju\u0107e profesorice s Kijevskog nacionalnog sveu\u010dili\u0161ta Taras \u0160ev\u010denko: prof. Olena Dziuba-Pogrebniak &#8220;Ukrajinska knji\u017eevnost i Prvi svjetski rat&#8221;, 5.4. u 14:00 u A-224 prof. Lesja Steblyna &#8220;Nove rije\u010di i izrazi u ukrajinskom jeziku&#8221; 4.4. u 14:45 u [&hellip;]<\/p>\n","protected":false},"author":3,"featured_media":0,"comment_status":"closed","ping_status":"open","sticky":false,"template":"","format":"standard","meta":{"footnotes":""},"categories":[1],"tags":[],"class_list":["post-3938","post","type-post","status-publish","format-standard","hentry","category-uncategorized"],"_links":{"self":[{"href":"https:\/\/ukrainistika.ffzg.unizg.hr\/index.php?rest_route=\/wp\/v2\/posts\/3938"}],"collection":[{"href":"https:\/\/ukrainistika.ffzg.unizg.hr\/index.php?rest_route=\/wp\/v2\/posts"}],"about":[{"href":"https:\/\/ukrainistika.ffzg.unizg.hr\/index.php?rest_route=\/wp\/v2\/types\/post"}],"author":[{"embeddable":true,"href":"https:\/\/ukrainistika.ffzg.unizg.hr\/index.php?rest_route=\/wp\/v2\/users\/3"}],"replies":[{"embeddable":true,"href":"https:\/\/ukrainistika.ffzg.unizg.hr\/index.php?rest_route=%2Fwp%2Fv2%2Fcomments&post=3938"}],"version-history":[{"count":1,"href":"https:\/\/ukrainistika.ffzg.unizg.hr\/index.php?rest_route=\/wp\/v2\/posts\/3938\/revisions"}],"predecessor-version":[{"id":3939,"href":"https:\/\/ukrainistika.ffzg.unizg.hr\/index.php?rest_route=\/wp\/v2\/posts\/3938\/revisions\/3939"}],"wp:attachment":[{"href":"https:\/\/ukrainistika.ffzg.unizg.hr\/index.php?rest_route=%2Fwp%2Fv2%2Fmedia&parent=3938"}],"wp:term":[{"taxonomy":"category","embeddable":true,"href":"https:\/\/ukrainistika.ffzg.unizg.hr\/index.php?rest_route=%2Fwp%2Fv2%2Fcategories&post=3938"},{"taxonomy":"post_tag","embeddable":true,"href":"https:\/\/ukrainistika.ffzg.unizg.hr\/index.php?rest_route=%2Fwp%2Fv2%2Ftags&post=3938"}],"curies":[{"name":"wp","href":"https:\/\/api.w.org\/{rel}","templated":true}]}}