{"id":4145,"date":"2024-09-02T12:33:35","date_gmt":"2024-09-02T10:33:35","guid":{"rendered":"https:\/\/ukrainistika.ffzg.unizg.hr\/?p=4145"},"modified":"2024-09-02T12:37:42","modified_gmt":"2024-09-02T10:37:42","slug":"medunarodna-ukrajinisticka-konferencija","status":"publish","type":"post","link":"https:\/\/ukrainistika.ffzg.unizg.hr\/?p=4145","title":{"rendered":"Me\u0111unarodna znanstvena ukrajinisti\u010dka konferencija"},"content":{"rendered":"\n<p><a href=\"https:\/\/ukrkonfzagreb24.ffzg.unizg.hr\">https:\/\/ukrkonfzagreb24.ffzg.unizg.hr<\/a><\/p>\n\n\n\n<p><\/p>\n\n\n\n<figure class=\"wp-block-image size-large\"><a href=\"https:\/\/ukrainistika.ffzg.unizg.hr\/wp-content\/uploads\/2024\/09\/Picsart_24-08-31_19-26-20-848.jpg\"><img loading=\"lazy\" decoding=\"async\" width=\"1024\" height=\"614\" src=\"https:\/\/ukrainistika.ffzg.unizg.hr\/wp-content\/uploads\/2024\/09\/Picsart_24-08-31_19-26-20-848-1024x614.jpg\" alt=\"\" class=\"wp-image-4144\" srcset=\"https:\/\/ukrainistika.ffzg.unizg.hr\/wp-content\/uploads\/2024\/09\/Picsart_24-08-31_19-26-20-848-1024x614.jpg 1024w, https:\/\/ukrainistika.ffzg.unizg.hr\/wp-content\/uploads\/2024\/09\/Picsart_24-08-31_19-26-20-848-300x180.jpg 300w, https:\/\/ukrainistika.ffzg.unizg.hr\/wp-content\/uploads\/2024\/09\/Picsart_24-08-31_19-26-20-848-768x461.jpg 768w, https:\/\/ukrainistika.ffzg.unizg.hr\/wp-content\/uploads\/2024\/09\/Picsart_24-08-31_19-26-20-848-1536x922.jpg 1536w, https:\/\/ukrainistika.ffzg.unizg.hr\/wp-content\/uploads\/2024\/09\/Picsart_24-08-31_19-26-20-848-624x374.jpg 624w, https:\/\/ukrainistika.ffzg.unizg.hr\/wp-content\/uploads\/2024\/09\/Picsart_24-08-31_19-26-20-848.jpg 2000w\" sizes=\"(max-width: 1024px) 100vw, 1024px\" \/><\/a><\/figure>\n\n\n\n<p><\/p>\n\n\n\n<p>Tijekom&nbsp;5.&nbsp;i&nbsp;6.&nbsp;rujna&nbsp;na&nbsp;na\u0161em \u0107e&nbsp;se&nbsp;Fakultetu&nbsp;odr\u017eati&nbsp;Me\u0111unarodna&nbsp;ukrajinisti\u010dka&nbsp;konferencija&nbsp; u&nbsp;organizaciji&nbsp;Katedre&nbsp;za&nbsp;ukrajinski&nbsp;jezik&nbsp;i&nbsp;knji\u017eevnost.<\/p>\n\n\n\n<p>Konferencija\u00a0je\u00a0posve\u0107ena\u00a0Rajisi\u00a0Trostinskoj,\u00a0svestranoj\u00a0znanstvenici\u00a0zaslu\u017eenoj\u00a0za\u00a0otvaranje\u00a0 Studija\u00a0ukrajinskoj\u00a0jezika\u00a0i\u00a0knji\u017eevnosti\u00a0na\u00a0zagreba\u010dkom\u00a0Filozofskom\u00a0fakultetu,\u00a0 iznimnoj\u00a0osobi\u00a0koja\u00a0je\u00a0svojim\u00a0radom\u00a0i\u00a0djelom\u00a0obogatila\u00a0rad\u00a0Katedre\u00a0za\u00a0ukrajinski\u00a0jezik\u00a0i\u00a0knji\u017eevnost\u00a0 te\u00a0ostavila\u00a0neizbrisiv\u00a0trag.<\/p>\n","protected":false},"excerpt":{"rendered":"<p>https:\/\/ukrkonfzagreb24.ffzg.unizg.hr Tijekom&nbsp;5.&nbsp;i&nbsp;6.&nbsp;rujna&nbsp;na&nbsp;na\u0161em \u0107e&nbsp;se&nbsp;Fakultetu&nbsp;odr\u017eati&nbsp;Me\u0111unarodna&nbsp;ukrajinisti\u010dka&nbsp;konferencija&nbsp; u&nbsp;organizaciji&nbsp;Katedre&nbsp;za&nbsp;ukrajinski&nbsp;jezik&nbsp;i&nbsp;knji\u017eevnost. Konferencija\u00a0je\u00a0posve\u0107ena\u00a0Rajisi\u00a0Trostinskoj,\u00a0svestranoj\u00a0znanstvenici\u00a0zaslu\u017eenoj\u00a0za\u00a0otvaranje\u00a0 Studija\u00a0ukrajinskoj\u00a0jezika\u00a0i\u00a0knji\u017eevnosti\u00a0na\u00a0zagreba\u010dkom\u00a0Filozofskom\u00a0fakultetu,\u00a0 iznimnoj\u00a0osobi\u00a0koja\u00a0je\u00a0svojim\u00a0radom\u00a0i\u00a0djelom\u00a0obogatila\u00a0rad\u00a0Katedre\u00a0za\u00a0ukrajinski\u00a0jezik\u00a0i\u00a0knji\u017eevnost\u00a0 te\u00a0ostavila\u00a0neizbrisiv\u00a0trag.<\/p>\n","protected":false},"author":3,"featured_media":0,"comment_status":"closed","ping_status":"open","sticky":false,"template":"","format":"standard","meta":{"footnotes":""},"categories":[1],"tags":[],"class_list":["post-4145","post","type-post","status-publish","format-standard","hentry","category-uncategorized"],"_links":{"self":[{"href":"https:\/\/ukrainistika.ffzg.unizg.hr\/index.php?rest_route=\/wp\/v2\/posts\/4145"}],"collection":[{"href":"https:\/\/ukrainistika.ffzg.unizg.hr\/index.php?rest_route=\/wp\/v2\/posts"}],"about":[{"href":"https:\/\/ukrainistika.ffzg.unizg.hr\/index.php?rest_route=\/wp\/v2\/types\/post"}],"author":[{"embeddable":true,"href":"https:\/\/ukrainistika.ffzg.unizg.hr\/index.php?rest_route=\/wp\/v2\/users\/3"}],"replies":[{"embeddable":true,"href":"https:\/\/ukrainistika.ffzg.unizg.hr\/index.php?rest_route=%2Fwp%2Fv2%2Fcomments&post=4145"}],"version-history":[{"count":5,"href":"https:\/\/ukrainistika.ffzg.unizg.hr\/index.php?rest_route=\/wp\/v2\/posts\/4145\/revisions"}],"predecessor-version":[{"id":4151,"href":"https:\/\/ukrainistika.ffzg.unizg.hr\/index.php?rest_route=\/wp\/v2\/posts\/4145\/revisions\/4151"}],"wp:attachment":[{"href":"https:\/\/ukrainistika.ffzg.unizg.hr\/index.php?rest_route=%2Fwp%2Fv2%2Fmedia&parent=4145"}],"wp:term":[{"taxonomy":"category","embeddable":true,"href":"https:\/\/ukrainistika.ffzg.unizg.hr\/index.php?rest_route=%2Fwp%2Fv2%2Fcategories&post=4145"},{"taxonomy":"post_tag","embeddable":true,"href":"https:\/\/ukrainistika.ffzg.unizg.hr\/index.php?rest_route=%2Fwp%2Fv2%2Ftags&post=4145"}],"curies":[{"name":"wp","href":"https:\/\/api.w.org\/{rel}","templated":true}]}}