{"id":4504,"date":"2024-12-03T22:02:22","date_gmt":"2024-12-03T20:02:22","guid":{"rendered":"https:\/\/ukrainistika.ffzg.unizg.hr\/?p=4504"},"modified":"2024-12-04T16:27:18","modified_gmt":"2024-12-04T14:27:18","slug":"4504","status":"publish","type":"post","link":"https:\/\/ukrainistika.ffzg.unizg.hr\/?p=4504","title":{"rendered":"Ispitni rokovi u ak. god. 2024.\/2025."},"content":{"rendered":"\n<p>Ispitni rokovi slijede u nastavku<\/p>\n\n\n\n<details class=\"wp-block-details is-layout-flow wp-block-details-is-layout-flow\"><summary>Ispitni rokovi &#8211; Ukrajinistika<\/summary>\n<p><strong><u>Dr. sc. Oksana Timko \u0110itko, red. prof.<\/u><\/strong><\/p>\n\n\n\n<p><strong>Zimski ispitni rok u A-224<\/strong><\/p>\n\n\n\n<figure class=\"wp-block-table\"><table class=\"has-fixed-layout\"><tbody><tr><td>&nbsp;<\/td><td>&nbsp;<\/td><td>29. I. 2025.<\/td><td>19. II. 2025.<\/td><\/tr><tr><td>1.<\/td><td>Historijska gramatika ukrajinskog jezika<\/td><td>10,00<\/td><td>10,00<\/td><\/tr><tr><td>2.<\/td><td>Uvod u kulturu i civilizaciju Ukrajine<\/td><td>11,00<\/td><td>11,00<\/td><\/tr><tr><td>4.<\/td><td>Uvod u studij ukrajinskog jezika<\/td><td>12,00<\/td><td>12,00<\/td><\/tr><\/tbody><\/table><\/figure>\n\n\n\n<p><strong>Ljetni ispitni rok u A-223<\/strong><\/p>\n\n\n\n<figure class=\"wp-block-table\"><table class=\"has-fixed-layout\"><tbody><tr><td>&nbsp;<\/td><td>&nbsp;<\/td><td>11. 06. 2025.<\/td><td>02.07.2025.<\/td><\/tr><tr><td>1.<\/td><td>Osnove staroslavenskog za ukrajiniste<\/td><td>9,00<\/td><td>9,00<\/td><\/tr><tr><td>2.<\/td><td>Dijalektologija ukrajinskog jezika<\/td><td>10,00<\/td><td>10,00<\/td><\/tr><tr><td>3.<\/td><td>Povijest ukrajinskog jezika<\/td><td>11,00<\/td><td>11,00<\/td><\/tr><\/tbody><\/table><\/figure>\n\n\n\n<p><strong>Jesenski ispitni rok u A-224<\/strong><\/p>\n\n\n\n<figure class=\"wp-block-table\"><table class=\"has-fixed-layout\"><tbody><tr><td>&nbsp;<\/td><td>&nbsp;<\/td><td>03. 09. 2025.<\/td><td>17. 09. 2025.<\/td><\/tr><tr><td>1.<\/td><td>Historijska gramatika ukrajinskog jezika<\/td><td>10,00<\/td><td>10,00<\/td><\/tr><tr><td>2.<\/td><td>Uvod u kulturu i civilizaciju Ukrajine<\/td><td>11,00<\/td><td>11,00<\/td><\/tr><tr><td>3.<\/td><td>Uvod u studij ukrajinskog jezika<\/td><td>12,00<\/td><td>12,00<\/td><\/tr><tr><td>4.<\/td><td>Osnove staroslavenskog za ukrajiniste<\/td><td>12,30<\/td><td>12,30<\/td><\/tr><tr><td>5.<\/td><td>Dijalektologija ukrajinskog jezika<\/td><td>13,00<\/td><td>13,00<\/td><\/tr><tr><td>6.<\/td><td>Povijest ukrajinskog jezika<\/td><td>13,30<\/td><td>13,30<\/td><\/tr><\/tbody><\/table><\/figure>\n\n\n\n<ul class=\"wp-block-list\">\n<li><strong><u>Dr. sc. Tetyana Fuderer, red. prof.<\/u><\/strong><\/li>\n<\/ul>\n\n\n\n<p><strong>I. Zimski ispitni rok<\/strong><br><br><\/p>\n\n\n\n<p><strong>1.1.<\/strong><em>Sintaksa ukrajinskoga jezika 1;<\/em> <em>Sintaksa ukrajinskoga jezika 2;<\/em> <em>Funkcionalni stilovi i prevo\u0111enje;<\/em> <em>Prevo\u0111enje knji\u017eevnih tekstova<\/em><\/p>\n\n\n\n<figure class=\"wp-block-table\"><table class=\"has-fixed-layout\"><tbody><tr><td><strong>Redni broj<\/strong><\/td><td><strong>Datum i vrijeme odr\u017eavanja ispita<\/strong><\/td><td><strong>Mjesto odr\u017eavanja ispita<\/strong><\/td><\/tr><tr><td>1.<\/td><td>27. 01. 2025, 10.00 \u2013 11.30<\/td><td>A-223<\/td><\/tr><tr><td>2.<\/td><td>17. 02. 2025, 10.00 \u2013 11.30<\/td><td>A-223<\/td><\/tr><\/tbody><\/table><\/figure>\n\n\n\n<p><strong>1.2.<\/strong> <em>Stilistika suvremenoga ukrajinskog jezika;<\/em> <em>Leksikologija i frazeologija ukrajinskoga jezika<\/em><\/p>\n\n\n\n<figure class=\"wp-block-table\"><table class=\"has-fixed-layout\"><tbody><tr><td><strong>Redni broj<\/strong><\/td><td><strong>Datum i vrijeme odr\u017eavanja ispita<\/strong><\/td><td><strong>Mjesto odr\u017eavanja ispita<\/strong><\/td><\/tr><tr><td>1.<\/td><td>27. 01. 2025, 15.30 \u2013 17.30<\/td><td>A-223<\/td><\/tr><tr><td>2.<\/td><td>17. 02. 2025, 15.30 \u2013 17.30<\/td><td>A-223<\/td><\/tr><\/tbody><\/table><\/figure>\n\n\n\n<p><strong>II.&nbsp;Ljetni ispitni rok <\/strong>(9. lipnja 2025. \u2013 11. srpnja 2025.)<\/p>\n\n\n\n<p><strong>2.1.<\/strong><em>Sintaksa ukrajinskoga jezika 1;<\/em> <em>Sintaksa ukrajinskoga jezika 2;<\/em> <em>Funkcionalni stilovi i prevo\u0111enje;<\/em> <em>Prevo\u0111enje knji\u017eevnih tekstova<\/em><\/p>\n\n\n\n<figure class=\"wp-block-table\"><table class=\"has-fixed-layout\"><tbody><tr><td><strong>Redni broj<\/strong><\/td><td><strong>Datum i vrijeme odr\u017eavanja ispita<\/strong><\/td><td><strong>Mjesto odr\u017eavanja ispita<\/strong><\/td><\/tr><tr><td>1.<\/td><td>12. 06. 2025, 15.30 \u2013 17.30<\/td><td>A-223<\/td><\/tr><tr><td>2.<\/td><td>03. 07. 2025, 15.30 \u2013 17.30<\/td><td>A-223<\/td><\/tr><\/tbody><\/table><\/figure>\n\n\n\n<p><strong>2.2.<\/strong><em>Stilistika suvremenoga ukrajinskog jezika;<\/em> <em>Leksikologija i frazeologija ukrajinskoga jezika<\/em><\/p>\n\n\n\n<figure class=\"wp-block-table\"><table class=\"has-fixed-layout\"><tbody><tr><td><strong>Redni broj<\/strong><\/td><td><strong>Datum i vrijeme odr\u017eavanja ispita<\/strong><\/td><td><strong>Mjesto odr\u017eavanja ispita<\/strong><\/td><\/tr><tr><td>1.<\/td><td>12. 06. 2025, 15.30 \u2013 17.30<\/td><td>A-223<\/td><\/tr><tr><td>2.<\/td><td>03. 07. 2025, 15.30 \u2013 17.30<\/td><td>A-223<\/td><\/tr><\/tbody><\/table><\/figure>\n\n\n\n<p><strong>III. Jesenski ispitni rok <\/strong>(1. rujna 2025. \u2013 19. rujna 2025.)<br><\/p>\n\n\n\n<p><strong>3.1. <\/strong><em>Sintaksa ukrajinskoga jezika 1;<\/em> <em>Sintaksa ukrajinskoga jezika 2;<\/em> <em>Funkcionalni stilovi i prevo\u0111enje;<\/em> <em>Prevo\u0111enje knji\u017eevnih tekstova<\/em><\/p>\n\n\n\n<figure class=\"wp-block-table\"><table class=\"has-fixed-layout\"><tbody><tr><td><strong>Redni broj<\/strong><\/td><td><strong>Datum i vrijeme odr\u017eavanja ispita<\/strong><\/td><td><strong>Mjesto odr\u017eavanja ispita<\/strong><\/td><\/tr><tr><td>1.<\/td><td>02. 09. 2025, 10.00 \u2013 11.30<\/td><td>A-223<\/td><\/tr><tr><td>2.<\/td><td>16. 09. 2025, 10.00 \u2013 11.30<\/td><td>A-223<\/td><\/tr><\/tbody><\/table><\/figure>\n\n\n\n<p><strong>3.2.<\/strong><em>Stilistika suvremenoga ukrajinskog jezika;<\/em> <em>Leksikologija i frazeologija ukrajinskoga jezika<\/em><\/p>\n\n\n\n<figure class=\"wp-block-table\"><table class=\"has-fixed-layout\"><tbody><tr><td><strong>Redni broj<\/strong><\/td><td><strong>Datum i vrijeme odr\u017eavanja ispita<\/strong><\/td><td><strong>Mjesto odr\u017eavanja ispita<\/strong><\/td><\/tr><tr><td>1.<\/td><td>02. 09. 2025, 15.30 \u2013 17.30<\/td><td>A-223<\/td><\/tr><tr><td>2.<\/td><td>16. 09. 2025, 15.30 \u2013 17.30<\/td><td>A-223<\/td><\/tr><\/tbody><\/table><\/figure>\n\n\n\n<ul class=\"wp-block-list\">\n<li><strong><u>Dr. sc. Dariya Pavle\u0161en, doc.<\/u><\/strong><\/li>\n<\/ul>\n\n\n\n<p><strong><u>Zimski ispitni rok:<\/u><\/strong><\/p>\n\n\n\n<figure class=\"wp-block-table\"><table class=\"has-fixed-layout\"><tbody><tr><td><strong>Datum 31. 1. 2025.&nbsp; u A-224<\/strong><\/td><td>&nbsp;<\/td><\/tr><tr><td><strong>&nbsp;<\/strong><\/td><td><strong>&nbsp;<\/strong><\/td><\/tr><tr><td><strong>Ukrajinska usmena knji\u017eevnost<\/strong><\/td><td>vrijeme 13:00 <strong><\/strong><\/td><\/tr><tr><td><strong>&nbsp;<\/strong><\/td><td><strong>&nbsp;<\/strong><\/td><\/tr><tr><td><strong>Ukrajinska knji\u017eevnost 4<\/strong><\/td><td>vrijeme 13:00<strong><\/strong><\/td><\/tr><tr><td><strong>&nbsp;<\/strong><\/td><td><strong>&nbsp;<\/strong><\/td><\/tr><tr><td><strong>Ukrajinska knji\u017eevnost 6<\/strong><\/td><td>vrijeme 14:00<strong><\/strong><\/td><\/tr><tr><td><strong>&nbsp;<\/strong><\/td><td><strong>&nbsp;<\/strong><\/td><\/tr><tr><td><strong>Uvod u studij ukrajinske knji\u017eevnosti<\/strong><\/td><td>vrijeme 14:00 <strong><\/strong><\/td><\/tr><tr><td><strong>&nbsp;<\/strong><\/td><td><strong>&nbsp;<\/strong><\/td><\/tr><\/tbody><\/table><\/figure>\n\n\n\n<figure class=\"wp-block-table\"><table class=\"has-fixed-layout\"><tbody><tr><td><strong>Datum 19. 2. 2025.&nbsp; U A-224<\/strong><\/td><td>&nbsp;<\/td><\/tr><tr><td><strong>&nbsp;<\/strong><\/td><td><strong>&nbsp;<\/strong><\/td><\/tr><tr><td><strong>Ukrajinska usmena knji\u017eevnost<\/strong><\/td><td>vrijeme 13:00 <strong><\/strong><\/td><\/tr><tr><td><strong>&nbsp;<\/strong><\/td><td><strong>&nbsp;<\/strong><\/td><\/tr><tr><td><strong>Ukrajinska knji\u017eevnost 4<\/strong><\/td><td>vrijeme 13:00<strong><\/strong><\/td><\/tr><tr><td><strong>&nbsp;<\/strong><\/td><td><strong>&nbsp;<\/strong><\/td><\/tr><tr><td><strong>Ukrajinska knji\u017eevnost 6<\/strong><\/td><td>vrijeme 14:00<strong><\/strong><\/td><\/tr><tr><td><strong>&nbsp;<\/strong><\/td><td><strong>&nbsp;<\/strong><\/td><\/tr><tr><td><strong>Uvod u studij ukrajinske knji\u017eevnosti<\/strong><\/td><td>vrijeme 14:00 <strong><\/strong><\/td><\/tr><tr><td><strong>&nbsp;<\/strong><\/td><td><strong>&nbsp;<\/strong><\/td><\/tr><\/tbody><\/table><\/figure>\n\n\n\n<figure class=\"wp-block-table\"><table class=\"has-fixed-layout\"><tbody><tr><td><strong>&nbsp;<\/strong><\/td><td>&nbsp;<\/td><\/tr><\/tbody><\/table><\/figure>\n\n\n\n<p><strong><u>Ljetni ispitni rok<\/u><\/strong><\/p>\n\n\n\n<figure class=\"wp-block-table\"><table class=\"has-fixed-layout\"><tbody><tr><td><strong>Datum 9. 6. 2025.&nbsp; u A-306<\/strong><\/td><td>&nbsp;<\/td><\/tr><tr><td><strong>&nbsp;<\/strong><\/td><td><strong>&nbsp;<\/strong><\/td><\/tr><tr><td><strong>Ukrajinska usmena knji\u017eevnost<\/strong><\/td><td>vrijeme 13:30 <strong><\/strong><\/td><\/tr><tr><td><strong>&nbsp;<\/strong><\/td><td><strong>&nbsp;<\/strong><\/td><\/tr><tr><td><strong>Ukrajinska knji\u017eevnost 4<\/strong><\/td><td>vrijeme 13:30<strong><\/strong><\/td><\/tr><tr><td><strong>&nbsp;<\/strong><\/td><td><strong>&nbsp;<\/strong><\/td><\/tr><tr><td><strong>Ukrajinska knji\u017eevnost 6<\/strong><\/td><td>vrijeme 13:30<strong><\/strong><\/td><\/tr><tr><td><strong>&nbsp;<\/strong><\/td><td><strong>&nbsp;<\/strong><\/td><\/tr><tr><td><strong>Uvod u studij ukrajinske knji\u017eevnosti<\/strong><\/td><td>vrijeme 13:30 <strong><\/strong><\/td><\/tr><tr><td><strong>&nbsp;<\/strong><\/td><td><strong>&nbsp;<\/strong><\/td><\/tr><tr><td><strong>Ukrajinska knji\u017eevnost 5<\/strong><\/td><td>&nbsp;&nbsp;&nbsp;&nbsp; vrijeme 14:30 <strong><\/strong><\/td><\/tr><tr><td><strong>&nbsp;<\/strong><\/td><td><strong>&nbsp;<\/strong><\/td><\/tr><tr><td><strong>Ukrajinska knji\u017eevnost 7<\/strong><\/td><td>vrijeme 14:30 <strong><\/strong><\/td><\/tr><tr><td><strong>&nbsp;<\/strong><\/td><td><strong>&nbsp;<\/strong><\/td><\/tr><\/tbody><\/table><\/figure>\n\n\n\n<figure class=\"wp-block-table\"><table class=\"has-fixed-layout\"><tbody><tr><td><strong>Datum 18. 6. 2025.&nbsp; u A-306<\/strong><\/td><td>&nbsp;<\/td><\/tr><tr><td><strong>&nbsp;<\/strong><\/td><td><strong>&nbsp;<\/strong><\/td><\/tr><tr><td><strong>Ukrajinska usmena knji\u017eevnost<\/strong><\/td><td>vrijeme 13:30 <strong><\/strong><\/td><\/tr><tr><td><strong>&nbsp;<\/strong><\/td><td><strong>&nbsp;<\/strong><\/td><\/tr><tr><td><strong>Ukrajinska knji\u017eevnost 4<\/strong><\/td><td>vrijeme 13:30<strong><\/strong><\/td><\/tr><tr><td><strong>&nbsp;<\/strong><\/td><td><strong>&nbsp;<\/strong><\/td><\/tr><tr><td><strong>Ukrajinska knji\u017eevnost 6<\/strong><\/td><td>vrijeme 13:30<strong><\/strong><\/td><\/tr><tr><td><strong>&nbsp;<\/strong><\/td><td><strong>&nbsp;<\/strong><\/td><\/tr><tr><td><strong>Uvod u studij ukrajinske knji\u017eevnosti<\/strong><\/td><td>vrijeme 13:30 <strong><\/strong><\/td><\/tr><tr><td><strong>&nbsp;<\/strong><\/td><td><strong>&nbsp;<\/strong><\/td><\/tr><tr><td><strong>Ukrajinska knji\u017eevnost 5<\/strong><\/td><td>&nbsp;&nbsp;&nbsp;&nbsp; vrijeme 14:30 <strong><\/strong><\/td><\/tr><tr><td><strong>&nbsp;<\/strong><\/td><td><strong>&nbsp;<\/strong><\/td><\/tr><tr><td><strong>Ukrajinska knji\u017eevnost 7<\/strong><\/td><td>vrijeme 14:30 <strong><\/strong><\/td><\/tr><tr><td><strong>&nbsp;<\/strong><\/td><td><strong>&nbsp;<\/strong><\/td><\/tr><\/tbody><\/table><\/figure>\n\n\n\n<p><strong><u>Jesenski ispitni rok<\/u><\/strong><\/p>\n\n\n\n<figure class=\"wp-block-table\"><table class=\"has-fixed-layout\"><tbody><tr><td><strong>Datum 2. 9. 2025.&nbsp; u A-306<\/strong><\/td><td>&nbsp;<\/td><\/tr><tr><td><strong>&nbsp;<\/strong><\/td><td><strong>&nbsp;<\/strong><\/td><\/tr><tr><td><strong>Ukrajinska usmena knji\u017eevnost<\/strong><\/td><td>vrijeme 13:30 <strong><\/strong><\/td><\/tr><tr><td><strong>&nbsp;<\/strong><\/td><td><strong>&nbsp;<\/strong><\/td><\/tr><tr><td><strong>Ukrajinska knji\u017eevnost 4<\/strong><\/td><td>vrijeme 13:30<strong><\/strong><\/td><\/tr><tr><td><strong>&nbsp;<\/strong><\/td><td><strong>&nbsp;<\/strong><\/td><\/tr><tr><td><strong>Ukrajinska knji\u017eevnost 6<\/strong><\/td><td>vrijeme 13:30<strong><\/strong><\/td><\/tr><tr><td><strong>&nbsp;<\/strong><\/td><td><strong>&nbsp;<\/strong><\/td><\/tr><tr><td><strong>Uvod u studij ukrajinske knji\u017eevnosti<\/strong><\/td><td>vrijeme 13:30 <strong><\/strong><\/td><\/tr><tr><td><strong>&nbsp;<\/strong><\/td><td><strong>&nbsp;<\/strong><\/td><\/tr><tr><td><strong>Ukrajinska knji\u017eevnost 5<\/strong><\/td><td>&nbsp;&nbsp;&nbsp;&nbsp; vrijeme 14:30 <strong><\/strong><\/td><\/tr><tr><td><strong>&nbsp;<\/strong><\/td><td><strong>&nbsp;<\/strong><\/td><\/tr><tr><td><strong>Ukrajinska knji\u017eevnost 7<\/strong><\/td><td>vrijeme 14:30 <strong><\/strong><\/td><\/tr><tr><td><strong>&nbsp;<\/strong><\/td><td><strong>&nbsp;<\/strong><\/td><\/tr><\/tbody><\/table><\/figure>\n\n\n\n<figure class=\"wp-block-table\"><table class=\"has-fixed-layout\"><tbody><tr><td><strong>Datum 17. 9. 2025.&nbsp; u A-306<\/strong><\/td><td>&nbsp;<\/td><\/tr><tr><td><strong>&nbsp;<\/strong><\/td><td><strong>&nbsp;<\/strong><\/td><\/tr><tr><td><strong>Ukrajinska usmena knji\u017eevnost<\/strong><\/td><td>vrijeme 13:30 <strong><\/strong><\/td><\/tr><tr><td><strong>&nbsp;<\/strong><\/td><td><strong>&nbsp;<\/strong><\/td><\/tr><tr><td><strong>Ukrajinska knji\u017eevnost 4<\/strong><\/td><td>vrijeme 13:30<strong><\/strong><\/td><\/tr><tr><td><strong>&nbsp;<\/strong><\/td><td><strong>&nbsp;<\/strong><\/td><\/tr><tr><td><strong>Ukrajinska knji\u017eevnost 6<\/strong><\/td><td>vrijeme 13:30<strong><\/strong><\/td><\/tr><tr><td><strong>&nbsp;<\/strong><\/td><td><strong>&nbsp;<\/strong><\/td><\/tr><tr><td><strong>Uvod u studij ukrajinske knji\u017eevnosti<\/strong><\/td><td>vrijeme 13:30 <strong><\/strong><\/td><\/tr><tr><td><strong>&nbsp;<\/strong><\/td><td><strong>&nbsp;<\/strong><\/td><\/tr><tr><td><strong>Ukrajinska knji\u017eevnost 5<\/strong><\/td><td>&nbsp;&nbsp;&nbsp;&nbsp; vrijeme 14:30 <strong><\/strong><\/td><\/tr><tr><td><strong>&nbsp;<\/strong><\/td><td><strong>&nbsp;<\/strong><\/td><\/tr><tr><td><strong>Ukrajinska knji\u017eevnost 7<\/strong><\/td><td>vrijeme 14:30 <strong><\/strong><\/td><\/tr><tr><td><strong>&nbsp;<\/strong><\/td><td><strong>&nbsp;<\/strong><\/td><\/tr><\/tbody><\/table><\/figure>\n\n\n\n<ul class=\"wp-block-list\">\n<li><strong><u>Dr. sc. Ana Dugand\u017ei\u0107, vi\u0161i lektor<\/u><\/strong><\/li>\n<\/ul>\n\n\n\n<p>Zimski: u A-118<\/p>\n\n\n\n<p>27.1. &nbsp;&nbsp; <a>12:00 <\/a><a>Ukrajinski jezik <\/a>1, Ortografski praktikum II, <a>Teorija i praksa prevo\u0111enja<\/a><\/p>\n\n\n\n<p>10.2. &nbsp;&nbsp; 12:00 Ukrajinski jezik 1, Ortografski praktikum II, Teorija i praksa prevo\u0111enja<\/p>\n\n\n\n<p>Ljetni: u A-118<\/p>\n\n\n\n<p><a>9.6. &nbsp;&nbsp;&nbsp;&nbsp;&nbsp; 12:00 <\/a><a><\/a><a>Ukrajinski jezik <\/a>2<\/p>\n\n\n\n<p>&nbsp;&nbsp;&nbsp;&nbsp;&nbsp;&nbsp;&nbsp;&nbsp;&nbsp;&nbsp;&nbsp;&nbsp;&nbsp; 13:00 Ukrajinski jezik 1, Teorija i praksa prevo\u0111enja, Ortografski praktikum II<\/p>\n\n\n\n<p>1.7. &nbsp;&nbsp;&nbsp;&nbsp;&nbsp; 12:00 <a><\/a>Ukrajinski jezik 2<\/p>\n\n\n\n<p>&nbsp;&nbsp;&nbsp;&nbsp;&nbsp;&nbsp;&nbsp;&nbsp;&nbsp;&nbsp;&nbsp;&nbsp;&nbsp; 13:00 Ukrajinski jezik 1, Teorija i praksa prevo\u0111enja, Ortografski praktikum II<\/p>\n\n\n\n<p>Jesenski: u A-118<\/p>\n\n\n\n<p>1.9. &nbsp;&nbsp;&nbsp;&nbsp;&nbsp; 12:00 Ukrajinski jezik 2<\/p>\n\n\n\n<p>&nbsp;&nbsp;&nbsp;&nbsp;&nbsp;&nbsp;&nbsp;&nbsp;&nbsp;&nbsp;&nbsp;&nbsp;&nbsp; 13:00 Ukrajinski jezik 1, Teorija i praksa prevo\u0111enja, Ortografski praktikum II<\/p>\n\n\n\n<p>12.9. &nbsp;&nbsp; 12:00 Ukrajinski jezik 2<\/p>\n\n\n\n<p>&nbsp;&nbsp;&nbsp;&nbsp;&nbsp;&nbsp;&nbsp;&nbsp;&nbsp;&nbsp;&nbsp;&nbsp;&nbsp; 13:00 Ukrajinski jezik 1, Teorija i praksa prevo\u0111enja, Ortografski praktikum II<\/p>\n\n\n\n<ul class=\"wp-block-list\">\n<li><strong><u>Dr. sc. Lesja Petrovska, strana lektorica<\/u><\/strong><\/li>\n<\/ul>\n\n\n\n<p>Zimski:<\/p>\n\n\n\n<p>27.1. 2025.&nbsp;&nbsp;&nbsp; 11:00&nbsp; u A-224 Jezi\u010dne vje\u017ebe 3, Jezi\u010dne vje\u017ebe 5, Jezi\u010dne vje\u017ebe 7<\/p>\n\n\n\n<p>6. 2. 2025.&nbsp;&nbsp;&nbsp;&nbsp; 11:00&nbsp; u A-224 Jezi\u010dne vje\u017ebe 3, Jezi\u010dne vje\u017ebe 5, Jezi\u010dne vje\u017ebe 7<\/p>\n\n\n\n<p>Ljetni:<\/p>\n\n\n\n<p>9.6. 2025.&nbsp;&nbsp;&nbsp; 14:00&nbsp; u A-224Jezi\u010dne vje\u017ebe 6, Jezi\u010dne vje\u017ebe 8<\/p>\n\n\n\n<p>&nbsp;&nbsp;&nbsp;&nbsp;&nbsp;&nbsp;&nbsp;&nbsp;&nbsp;&nbsp;&nbsp;&nbsp;&nbsp;&nbsp;&nbsp;&nbsp;&nbsp;&nbsp;&nbsp;&nbsp;&nbsp;&nbsp;&nbsp;&nbsp;&nbsp;&nbsp;&nbsp; 15:00 u A-224&nbsp; Jezi\u010dne vje\u017ebe 3, Jezi\u010dne vje\u017ebe 5, Jezi\u010dne vje\u017ebe 7<\/p>\n\n\n\n<p>19.6. 2025.&nbsp;&nbsp;&nbsp; 14:00&nbsp; u A-224 Jezi\u010dne vje\u017ebe 6, Jezi\u010dne vje\u017ebe 8<\/p>\n\n\n\n<p>&nbsp;&nbsp;&nbsp;&nbsp;&nbsp;&nbsp;&nbsp;&nbsp;&nbsp;&nbsp;&nbsp;&nbsp;&nbsp; &nbsp;&nbsp;&nbsp;&nbsp;&nbsp;&nbsp;&nbsp;&nbsp;&nbsp;&nbsp;&nbsp;&nbsp;&nbsp; 15:00&nbsp; u A-224 Jezi\u010dne vje\u017ebe 3, Jezi\u010dne vje\u017ebe 5, Jezi\u010dne vje\u017ebe 7<\/p>\n\n\n\n<p>Jesenski:<\/p>\n\n\n\n<p>1.9.2025.&nbsp;&nbsp;&nbsp;&nbsp;&nbsp; 14:00 u A-224 Jezi\u010dne vje\u017ebe 6, Jezi\u010dne vje\u017ebe 8<\/p>\n\n\n\n<p>&nbsp;&nbsp; &nbsp;&nbsp;&nbsp;&nbsp;&nbsp;&nbsp;&nbsp;&nbsp;&nbsp;&nbsp; &nbsp;&nbsp;&nbsp;&nbsp;&nbsp;&nbsp;&nbsp;&nbsp;&nbsp;&nbsp;&nbsp;&nbsp;&nbsp; 15:00 u A-224 &nbsp;&nbsp;Jezi\u010dne vje\u017ebe 3, Jezi\u010dne vje\u017ebe 5, Jezi\u010dne vje\u017ebe 7<\/p>\n\n\n\n<p>11.9.2025.&nbsp;&nbsp;&nbsp;&nbsp;&nbsp;&nbsp; 14:00 u A-224 &nbsp;Jezi\u010dne vje\u017ebe 6, Jezi\u010dne vje\u017ebe 8<\/p>\n\n\n\n<p>&nbsp;&nbsp;&nbsp;&nbsp;&nbsp;&nbsp;&nbsp;&nbsp;&nbsp;&nbsp;&nbsp;&nbsp;&nbsp;&nbsp;&nbsp;&nbsp;&nbsp;&nbsp;&nbsp;&nbsp;&nbsp;&nbsp;&nbsp;&nbsp;&nbsp;&nbsp;&nbsp; 15:00 u A-224 Jezi\u010dne vje\u017ebe 3, Jezi\u010dne vje\u017ebe 5, Jezi\u010dne vje\u017ebe 7<\/p>\n\n\n\n<ul class=\"wp-block-list\">\n<li><strong><u>Dr. sc. Domagoj Kli\u010dek, vi\u0161i asistent<\/u><\/strong><\/li>\n<\/ul>\n\n\n\n<p><strong><u>Zimski rok<\/u><\/strong><\/p>\n\n\n\n<figure class=\"wp-block-table\"><table class=\"has-fixed-layout\"><tbody><tr><td>&nbsp;<\/td><td><em>30. sije\u010dnja 2025.<\/em><\/td><td><em>13. velja\u010de 2025.<\/em><\/td><\/tr><tr><td><em>Ukrajinska knji\u017eevnost 1<\/em><\/td><td>11.30<\/td><td>11.30<\/td><\/tr><tr><td><em>Ukrajinska knji\u017eevnost 2<\/em><\/td><td>10.30<\/td><td>10.30<\/td><\/tr><tr><td><em>Ukrajinska knji\u017eevnost 3<\/em><\/td><td>10.30<\/td><td>10.30<\/td><\/tr><\/tbody><\/table><\/figure>\n\n\n\n<p><strong>u A-224<\/strong><\/p>\n\n\n\n<p><strong><u>Ljetni rok<\/u><\/strong><\/p>\n\n\n\n<figure class=\"wp-block-table\"><table class=\"has-fixed-layout\"><tbody><tr><td>&nbsp;<\/td><td><em>11. lipnja 2025.<\/em><\/td><td><em>25. lipnja 2025.<\/em><\/td><\/tr><tr><td><em>Ukrajinska knji\u017eevnost od srednjovjekovlja do kraja XVIII. st.<\/em><\/td><td>11.30<\/td><td>11.30<\/td><\/tr><tr><td><em>Ukrajinska knji\u017eevnost 2<\/em><\/td><td>10.30<\/td><td>10.30<\/td><\/tr><tr><td><em>Ukrajinska knji\u017eevnost 3<\/em><\/td><td>10.30<\/td><td>10.30<\/td><\/tr><\/tbody><\/table><\/figure>\n\n\n\n<p><strong>U A-224<\/strong><\/p>\n\n\n\n<p><strong><u>Jesenski rok<\/u><\/strong><\/p>\n\n\n\n<figure class=\"wp-block-table\"><table class=\"has-fixed-layout\"><tbody><tr><td>&nbsp;<\/td><td><em>4. rujna 2025.<\/em><\/td><td><em>18. rujna 2025.<\/em><\/td><\/tr><tr><td><em>Ukrajinska knji\u017eevnost od srednjovjekovlja do kraja XVIII. st.<\/em><\/td><td>11.30<\/td><td>11.30<\/td><\/tr><tr><td><em>Ukrajinska knji\u017eevnost 2<\/em><\/td><td>10.30<\/td><td>10.30<\/td><\/tr><tr><td><em>Ukrajinska knji\u017eevnost 3<\/em><\/td><td>10.30<\/td><td>10.30<\/td><\/tr><\/tbody><\/table><\/figure>\n\n\n\n<p><strong>U A-224<\/strong><\/p>\n\n\n\n<ul class=\"wp-block-list\">\n<li><strong><u>Dr. sc. Silvija Graljuk, vi\u0161i asistent<\/u><\/strong><\/li>\n<\/ul>\n\n\n\n<p><strong>Zimski:<\/strong><\/p>\n\n\n\n<p>Morfologija 2, Ukrajinski jezik 1 (za neukrajiniste)<\/p>\n\n\n\n<p>27.01.2025. od 11.30 do 13.00 u A-124<br>10.02.2025. od 11.30 do 13.00 u A-124<\/p>\n\n\n\n<p><strong>Ljetni:<\/strong><\/p>\n\n\n\n<p>Morfologija 2, Ukrajinski jezik 1 (za neuktajiniste), Ukrajinski jezik 2 (za neukrajiniste), Jezi\u010dne vje\u017ebe 4, Fonetika i fonologija, Konverzacijske vje\u017ebe<\/p>\n\n\n\n<p>09.06.2025. od 12.30 do 14.00 u A-224<br>20.06.2025. od 12.30 do 14.00 u A-224<\/p>\n\n\n\n<p><strong>Jesenski:<\/strong><\/p>\n\n\n\n<p>Morfologija 2, Ukrajinski jezik 1 (za neukrajiniste), Ukrajinski jezik 2 (za neukrajiniste), Jezi\u010dne vje\u017ebe 4, Fonetika i fonologija, Konverzacijske vje\u017ebe<\/p>\n\n\n\n<p>08.09.2025. od 12.30 do 14.00 u A-224<br>18.09.2025. od 12.30 do 14.00 u A-224<\/p>\n\n\n\n<ul class=\"wp-block-list\">\n<li><strong><u>Dr. sc. Marina Jaji\u0107 Novogradec, vi\u0161i asistent<\/u><\/strong><\/li>\n<\/ul>\n\n\n\n<figure class=\"wp-block-table\"><table class=\"has-fixed-layout\"><tbody><tr><td colspan=\"3\"><a><\/a><a><strong>GLOTODIDAKTIKA<\/strong><\/a> <strong>(od 11,00 A-312)<\/strong> <strong>&nbsp;<\/strong><\/td><\/tr><tr><td><strong>ZIMSKI ISPITNI ROK<\/strong><\/td><td><strong>LJETNI ISPITNI ROK<\/strong><\/td><td><strong>JESENSKI ISPITNI ROK<\/strong><\/td><\/tr><tr><td>&nbsp; 31.01.2025. 14.02.2025. <strong>&nbsp;<\/strong><\/td><td><strong>&nbsp;<\/strong> 13.06.2025. 11.07.2025.<strong><\/strong><\/td><td>&nbsp; 05.09.2025. 19.09.2025.<\/td><\/tr><\/tbody><\/table><\/figure>\n\n\n\n<figure class=\"wp-block-table\"><table class=\"has-fixed-layout\"><tbody><tr><td colspan=\"3\"><strong>USVAJANJE STRANOGA JEZIKA<\/strong> <strong>(od 11,00 A-312)<\/strong> <strong>&nbsp;<\/strong><\/td><\/tr><tr><td><strong>ZIMSKI ISPITNI ROK<\/strong><\/td><td><strong>LJETNI ISPITNI ROK<\/strong><\/td><td><strong>JESENSKI ISPITNI ROK<\/strong><\/td><\/tr><tr><td>&nbsp; 27.01.2025. 21.02.2025.<\/td><td><strong>&nbsp;<\/strong> 09.06.2025. 04.07.2025. <strong>&nbsp;<\/strong><\/td><td><strong>&nbsp;<\/strong> 01.09.2025. 15.09.2025.<\/td><\/tr><\/tbody><\/table><\/figure>\n\n\n\n<figure class=\"wp-block-table\"><table class=\"has-fixed-layout\"><tbody><tr><td colspan=\"3\"><strong>METODIKA NASTAVE RUSKOGA JEZIKA\/UKRAJINSKOGA JEZIKA\/SLAVENSKIH JEZIKA<\/strong> <strong>(od 11,00 A-312)<\/strong> <strong>&nbsp;<\/strong><\/td><\/tr><tr><td><strong>ZIMSKI ISPITNI ROK<\/strong><\/td><td><strong>LJETNI ISPITNI ROK<\/strong><\/td><td><strong>JESENSKI ISPITNI ROK<\/strong><\/td><\/tr><tr><td><strong>&nbsp;<\/strong> 31.01.2025. 14.02.2025. <strong>&nbsp;<\/strong><\/td><td><strong>&nbsp;<\/strong> 13.06.2025. 11.07.2025.<\/td><td>&nbsp; 05.09.2025. 19.09.2025.<\/td><\/tr><\/tbody><\/table><\/figure>\n\n\n\n<ul class=\"wp-block-list\">\n<li><strong><u>Pavao Jergovi\u0107, asistent<\/u><\/strong><\/li>\n<\/ul>\n\n\n\n<p>ZIMSKI ISPITNI ROK:<\/p>\n\n\n\n<ul class=\"wp-block-list\">\n<li>28.01. 2025. u 10h (A224) \u2013 Lektira 1 i Lektira 2<\/li>\n\n\n\n<li>10.02. 2025. u 10h (A224) \u2013 Lektira 1 i Lektira 2<\/li>\n\n\n\n<li>20.02. 2025. u 10h (A224) \u2013 Lektira 1 i Lektira 2<\/li>\n<\/ul>\n\n\n\n<p>LJETNI ISPITNI ROK:<\/p>\n\n\n\n<ul class=\"wp-block-list\">\n<li>12. 06. 2025. u 10h (A224) \u2013 Lektira 1 i Lektira 2<\/li>\n\n\n\n<li>24.06. 2025. u 10h (A224) \u2013 Lektira 1 i Lektira 2<\/li>\n\n\n\n<li>07.07. 2025. u 10h (A224) \u2013 Lektira 1 i Lektira 2<\/li>\n<\/ul>\n\n\n\n<p>JESENSKI ISPITNI ROK:<\/p>\n\n\n\n<p>17.09. 2025. u 10h (A223) \u2013 Lektira 1 i Lektira 2<\/p>\n\n\n\n<p>04. 09. 2025. u 10h (A223) \u2013 Lektira 1 i Lektira 2<\/p>\n<\/details>\n","protected":false},"excerpt":{"rendered":"<p>Ispitni rokovi slijede u nastavku<\/p>\n","protected":false},"author":3,"featured_media":0,"comment_status":"closed","ping_status":"open","sticky":false,"template":"","format":"standard","meta":{"footnotes":""},"categories":[6],"tags":[],"class_list":["post-4504","post","type-post","status-publish","format-standard","hentry","category-obavijesti"],"_links":{"self":[{"href":"https:\/\/ukrainistika.ffzg.unizg.hr\/index.php?rest_route=\/wp\/v2\/posts\/4504"}],"collection":[{"href":"https:\/\/ukrainistika.ffzg.unizg.hr\/index.php?rest_route=\/wp\/v2\/posts"}],"about":[{"href":"https:\/\/ukrainistika.ffzg.unizg.hr\/index.php?rest_route=\/wp\/v2\/types\/post"}],"author":[{"embeddable":true,"href":"https:\/\/ukrainistika.ffzg.unizg.hr\/index.php?rest_route=\/wp\/v2\/users\/3"}],"replies":[{"embeddable":true,"href":"https:\/\/ukrainistika.ffzg.unizg.hr\/index.php?rest_route=%2Fwp%2Fv2%2Fcomments&post=4504"}],"version-history":[{"count":3,"href":"https:\/\/ukrainistika.ffzg.unizg.hr\/index.php?rest_route=\/wp\/v2\/posts\/4504\/revisions"}],"predecessor-version":[{"id":4508,"href":"https:\/\/ukrainistika.ffzg.unizg.hr\/index.php?rest_route=\/wp\/v2\/posts\/4504\/revisions\/4508"}],"wp:attachment":[{"href":"https:\/\/ukrainistika.ffzg.unizg.hr\/index.php?rest_route=%2Fwp%2Fv2%2Fmedia&parent=4504"}],"wp:term":[{"taxonomy":"category","embeddable":true,"href":"https:\/\/ukrainistika.ffzg.unizg.hr\/index.php?rest_route=%2Fwp%2Fv2%2Fcategories&post=4504"},{"taxonomy":"post_tag","embeddable":true,"href":"https:\/\/ukrainistika.ffzg.unizg.hr\/index.php?rest_route=%2Fwp%2Fv2%2Ftags&post=4504"}],"curies":[{"name":"wp","href":"https:\/\/api.w.org\/{rel}","templated":true}]}}