{"id":4729,"date":"2025-03-14T21:20:07","date_gmt":"2025-03-14T19:20:07","guid":{"rendered":"https:\/\/ukrainistika.ffzg.unizg.hr\/?p=4729"},"modified":"2025-03-29T18:16:08","modified_gmt":"2025-03-29T16:16:08","slug":"predavanja-u-sklopu-erasmus-programa","status":"publish","type":"post","link":"https:\/\/ukrainistika.ffzg.unizg.hr\/?p=4729","title":{"rendered":"Predavanja gostuju\u0107ih profesorica sa Sveu\u010dili\u0161ta Taras \u0160ev\u010denko u Kijevu"},"content":{"rendered":"\n<p>U sklopu programa Erasmus+ <strong>predavanja za studente i nastavnike<\/strong> odr\u017eat \u0107e nastavnici sa <strong>Sveu\u010dili\u0161ta Taras \u0160ev\u010denko u Kyjivu<\/strong> prema sljede\u0107em rasporedu:<\/p>\n\n\n\n<p><strong>Olena Derka\u010d<\/strong>: &#8220;\u0410\u043d\u0434\u0440\u0456\u0439 \u041b\u044e\u0431\u043a\u0430 \u0456 \u041c\u0456\u0440\u043e \u0490\u0430\u0432\u0440\u0430\u043d: \u0442\u0438\u043f\u043e\u043b\u043e\u0433\u0456\u0447\u043d\u0456 \u043f\u0440\u043e\u0437\u043e\u0432\u0456 \u043f\u0430\u0440\u0430\u043b\u0435\u043b\u0456&#8221; u \u010detvrtak 20. o\u017eujka u 14.00, A-224<\/p>\n\n\n\n<p><strong>Olena Dzjuba-Pogrebnjak<\/strong>: &#8220;\u0410\u043d\u0442\u0438\u0443\u0442\u043e\u043f\u0456\u0457 \u042e\u0440\u0456\u044f \u0429\u0435\u0440\u0431\u0430\u043a\u0430&#8221; u \u010detvrtak 20.o\u017eujka u 15.30, A-224<\/p>\n\n\n\n<p><strong>Lesja Steblyna<\/strong>: &#8220;\u0406\u043d\u043d\u043e\u0432\u0430\u0446\u0456\u0439\u043d\u0456 \u043f\u0440\u043e\u0446\u0435\u0441\u0438 \u0443 \u043b\u0435\u043a\u0441\u0438\u0446\u0456 \u0441\u0443\u0447\u0430\u0441\u043d\u043e\u0457 \u0443\u043a\u0440\u0430\u0457\u043d\u0441\u044c\u043a\u043e\u0457 \u043c\u043e\u0432\u0438&#8221; u srijedu 26. o\u017eujka u 11.00, A-224.<\/p>\n\n\n\n<p>Predavanja \u0107e se odr\u017eati&nbsp; na <strong>ukrajinskom<\/strong> jeziku.&nbsp; &nbsp;<\/p>\n\n\n\n<figure class=\"wp-block-gallery has-nested-images columns-default is-cropped wp-block-gallery-1 is-layout-flex wp-block-gallery-is-layout-flex\">\n<figure class=\"wp-block-image size-large\"><a href=\"https:\/\/ukrainistika.ffzg.unizg.hr\/wp-content\/uploads\/2025\/03\/20250326_121703-6-scaled.jpg\"><img loading=\"lazy\" decoding=\"async\" width=\"1024\" height=\"473\" data-id=\"4811\" src=\"https:\/\/ukrainistika.ffzg.unizg.hr\/wp-content\/uploads\/2025\/03\/20250326_121703-6-1024x473.jpg\" alt=\"\" class=\"wp-image-4811\" srcset=\"https:\/\/ukrainistika.ffzg.unizg.hr\/wp-content\/uploads\/2025\/03\/20250326_121703-6-1024x473.jpg 1024w, https:\/\/ukrainistika.ffzg.unizg.hr\/wp-content\/uploads\/2025\/03\/20250326_121703-6-300x139.jpg 300w, https:\/\/ukrainistika.ffzg.unizg.hr\/wp-content\/uploads\/2025\/03\/20250326_121703-6-768x355.jpg 768w, https:\/\/ukrainistika.ffzg.unizg.hr\/wp-content\/uploads\/2025\/03\/20250326_121703-6-1536x710.jpg 1536w, https:\/\/ukrainistika.ffzg.unizg.hr\/wp-content\/uploads\/2025\/03\/20250326_121703-6-2048x946.jpg 2048w, https:\/\/ukrainistika.ffzg.unizg.hr\/wp-content\/uploads\/2025\/03\/20250326_121703-6-624x288.jpg 624w\" sizes=\"(max-width: 1024px) 100vw, 1024px\" \/><\/a><\/figure>\n<\/figure>\n\n\n\n<figure class=\"wp-block-gallery has-nested-images columns-default is-cropped wp-block-gallery-2 is-layout-flex wp-block-gallery-is-layout-flex\">\n<figure class=\"wp-block-image size-large\"><a href=\"https:\/\/ukrainistika.ffzg.unizg.hr\/wp-content\/uploads\/2025\/03\/IMG-20250329-WA0004-1-1-scaled.jpg\"><img loading=\"lazy\" decoding=\"async\" width=\"641\" height=\"1024\" data-id=\"4818\" src=\"https:\/\/ukrainistika.ffzg.unizg.hr\/wp-content\/uploads\/2025\/03\/IMG-20250329-WA0004-1-1-641x1024.jpg\" alt=\"\" class=\"wp-image-4818\" srcset=\"https:\/\/ukrainistika.ffzg.unizg.hr\/wp-content\/uploads\/2025\/03\/IMG-20250329-WA0004-1-1-641x1024.jpg 641w, https:\/\/ukrainistika.ffzg.unizg.hr\/wp-content\/uploads\/2025\/03\/IMG-20250329-WA0004-1-1-188x300.jpg 188w, https:\/\/ukrainistika.ffzg.unizg.hr\/wp-content\/uploads\/2025\/03\/IMG-20250329-WA0004-1-1-768x1227.jpg 768w, https:\/\/ukrainistika.ffzg.unizg.hr\/wp-content\/uploads\/2025\/03\/IMG-20250329-WA0004-1-1-962x1536.jpg 962w, https:\/\/ukrainistika.ffzg.unizg.hr\/wp-content\/uploads\/2025\/03\/IMG-20250329-WA0004-1-1-1282x2048.jpg 1282w, https:\/\/ukrainistika.ffzg.unizg.hr\/wp-content\/uploads\/2025\/03\/IMG-20250329-WA0004-1-1-624x997.jpg 624w, https:\/\/ukrainistika.ffzg.unizg.hr\/wp-content\/uploads\/2025\/03\/IMG-20250329-WA0004-1-1-scaled.jpg 1603w\" sizes=\"(max-width: 641px) 100vw, 641px\" \/><\/a><\/figure>\n\n\n\n<figure class=\"wp-block-image size-large\"><a href=\"https:\/\/ukrainistika.ffzg.unizg.hr\/wp-content\/uploads\/2025\/03\/20250326_110931-7-scaled.jpg\"><img loading=\"lazy\" decoding=\"async\" width=\"473\" height=\"1024\" data-id=\"4819\" src=\"https:\/\/ukrainistika.ffzg.unizg.hr\/wp-content\/uploads\/2025\/03\/20250326_110931-7-473x1024.jpg\" alt=\"\" class=\"wp-image-4819\" srcset=\"https:\/\/ukrainistika.ffzg.unizg.hr\/wp-content\/uploads\/2025\/03\/20250326_110931-7-473x1024.jpg 473w, https:\/\/ukrainistika.ffzg.unizg.hr\/wp-content\/uploads\/2025\/03\/20250326_110931-7-139x300.jpg 139w, https:\/\/ukrainistika.ffzg.unizg.hr\/wp-content\/uploads\/2025\/03\/20250326_110931-7-768x1662.jpg 768w, https:\/\/ukrainistika.ffzg.unizg.hr\/wp-content\/uploads\/2025\/03\/20250326_110931-7-710x1536.jpg 710w, https:\/\/ukrainistika.ffzg.unizg.hr\/wp-content\/uploads\/2025\/03\/20250326_110931-7-946x2048.jpg 946w, https:\/\/ukrainistika.ffzg.unizg.hr\/wp-content\/uploads\/2025\/03\/20250326_110931-7-624x1351.jpg 624w, https:\/\/ukrainistika.ffzg.unizg.hr\/wp-content\/uploads\/2025\/03\/20250326_110931-7-scaled.jpg 1183w\" sizes=\"(max-width: 473px) 100vw, 473px\" \/><\/a><\/figure>\n<\/figure>\n","protected":false},"excerpt":{"rendered":"<p>U sklopu programa Erasmus+ predavanja za studente i nastavnike odr\u017eat \u0107e nastavnici sa Sveu\u010dili\u0161ta Taras \u0160ev\u010denko u Kyjivu prema sljede\u0107em rasporedu: Olena Derka\u010d: &#8220;\u0410\u043d\u0434\u0440\u0456\u0439 \u041b\u044e\u0431\u043a\u0430 \u0456 \u041c\u0456\u0440\u043e \u0490\u0430\u0432\u0440\u0430\u043d: \u0442\u0438\u043f\u043e\u043b\u043e\u0433\u0456\u0447\u043d\u0456 \u043f\u0440\u043e\u0437\u043e\u0432\u0456 \u043f\u0430\u0440\u0430\u043b\u0435\u043b\u0456&#8221; u \u010detvrtak 20. o\u017eujka u 14.00, A-224 Olena Dzjuba-Pogrebnjak: &#8220;\u0410\u043d\u0442\u0438\u0443\u0442\u043e\u043f\u0456\u0457 \u042e\u0440\u0456\u044f \u0429\u0435\u0440\u0431\u0430\u043a\u0430&#8221; u \u010detvrtak 20.o\u017eujka u 15.30, A-224 Lesja Steblyna: &#8220;\u0406\u043d\u043d\u043e\u0432\u0430\u0446\u0456\u0439\u043d\u0456 \u043f\u0440\u043e\u0446\u0435\u0441\u0438 \u0443 \u043b\u0435\u043a\u0441\u0438\u0446\u0456 [&hellip;]<\/p>\n","protected":false},"author":3,"featured_media":0,"comment_status":"closed","ping_status":"open","sticky":false,"template":"","format":"standard","meta":{"footnotes":""},"categories":[1],"tags":[],"class_list":["post-4729","post","type-post","status-publish","format-standard","hentry","category-uncategorized"],"_links":{"self":[{"href":"https:\/\/ukrainistika.ffzg.unizg.hr\/index.php?rest_route=\/wp\/v2\/posts\/4729"}],"collection":[{"href":"https:\/\/ukrainistika.ffzg.unizg.hr\/index.php?rest_route=\/wp\/v2\/posts"}],"about":[{"href":"https:\/\/ukrainistika.ffzg.unizg.hr\/index.php?rest_route=\/wp\/v2\/types\/post"}],"author":[{"embeddable":true,"href":"https:\/\/ukrainistika.ffzg.unizg.hr\/index.php?rest_route=\/wp\/v2\/users\/3"}],"replies":[{"embeddable":true,"href":"https:\/\/ukrainistika.ffzg.unizg.hr\/index.php?rest_route=%2Fwp%2Fv2%2Fcomments&post=4729"}],"version-history":[{"count":6,"href":"https:\/\/ukrainistika.ffzg.unizg.hr\/index.php?rest_route=\/wp\/v2\/posts\/4729\/revisions"}],"predecessor-version":[{"id":4820,"href":"https:\/\/ukrainistika.ffzg.unizg.hr\/index.php?rest_route=\/wp\/v2\/posts\/4729\/revisions\/4820"}],"wp:attachment":[{"href":"https:\/\/ukrainistika.ffzg.unizg.hr\/index.php?rest_route=%2Fwp%2Fv2%2Fmedia&parent=4729"}],"wp:term":[{"taxonomy":"category","embeddable":true,"href":"https:\/\/ukrainistika.ffzg.unizg.hr\/index.php?rest_route=%2Fwp%2Fv2%2Fcategories&post=4729"},{"taxonomy":"post_tag","embeddable":true,"href":"https:\/\/ukrainistika.ffzg.unizg.hr\/index.php?rest_route=%2Fwp%2Fv2%2Ftags&post=4729"}],"curies":[{"name":"wp","href":"https:\/\/api.w.org\/{rel}","templated":true}]}}