{"id":5423,"date":"2026-04-29T19:46:25","date_gmt":"2026-04-29T17:46:25","guid":{"rendered":"https:\/\/ukrainistika.ffzg.unizg.hr\/?p=5423"},"modified":"2026-04-29T21:48:40","modified_gmt":"2026-04-29T19:48:40","slug":"gostujuce-predavanje-prof-marije-redkve-s-jagelonskog-sveucilista","status":"publish","type":"post","link":"https:\/\/ukrainistika.ffzg.unizg.hr\/?p=5423","title":{"rendered":"Gostuju\u0107e predavanje prof. Marije Redkve s Jagelonskog sveu\u010dili\u0161ta"},"content":{"rendered":"\n<p>Pozivamo vas na gostuju\u0107e predavanje u okviru Erasmus+ mobilnosti koje \u0107e odr\u017eati dr. sc. Marija Redkva iz Krakova, s Jagelonskog sveu\u010dili\u0161ta, u\u00a0<strong>\u010detvrtak, 7 svibnja, 11:00-12:30 u A-224\u00a0<\/strong>na temu<em> \u0411\u0430\u0433\u0430\u0442\u043e\u043c\u043e\u0432\u043d\u0456\u0441\u0442\u044c \u0442\u0430 \u043c\u043e\u0432\u043d\u0430 \u043f\u043e\u0432\u0435\u0434\u0456\u043d\u043a\u0430<\/em>. Predavanje \u0107e se odr\u017eati na ukrajinskom jeziku.<\/p>\n\n\n\n<figure class=\"wp-block-image size-full is-resized\"><a href=\"https:\/\/ukrainistika.ffzg.unizg.hr\/wp-content\/uploads\/2026\/04\/09-redkva.jpg\"><img loading=\"lazy\" decoding=\"async\" width=\"450\" height=\"345\" src=\"https:\/\/ukrainistika.ffzg.unizg.hr\/wp-content\/uploads\/2026\/04\/09-redkva.jpg\" alt=\"\" class=\"wp-image-5425\" style=\"width:183px;height:auto\" srcset=\"https:\/\/ukrainistika.ffzg.unizg.hr\/wp-content\/uploads\/2026\/04\/09-redkva.jpg 450w, https:\/\/ukrainistika.ffzg.unizg.hr\/wp-content\/uploads\/2026\/04\/09-redkva-300x230.jpg 300w\" sizes=\"(max-width: 450px) 100vw, 450px\" \/><\/a><\/figure>\n","protected":false},"excerpt":{"rendered":"<p>Pozivamo vas na gostuju\u0107e predavanje u okviru Erasmus+ mobilnosti koje \u0107e odr\u017eati dr. sc. Marija Redkva iz Krakova, s Jagelonskog sveu\u010dili\u0161ta, u\u00a0\u010detvrtak, 7 svibnja, 11:00-12:30 u A-224\u00a0na temu \u0411\u0430\u0433\u0430\u0442\u043e\u043c\u043e\u0432\u043d\u0456\u0441\u0442\u044c \u0442\u0430 \u043c\u043e\u0432\u043d\u0430 \u043f\u043e\u0432\u0435\u0434\u0456\u043d\u043a\u0430. Predavanje \u0107e se odr\u017eati na ukrajinskom jeziku.<\/p>\n","protected":false},"author":3,"featured_media":0,"comment_status":"closed","ping_status":"open","sticky":false,"template":"","format":"standard","meta":{"footnotes":""},"categories":[1],"tags":[],"class_list":["post-5423","post","type-post","status-publish","format-standard","hentry","category-uncategorized"],"_links":{"self":[{"href":"https:\/\/ukrainistika.ffzg.unizg.hr\/index.php?rest_route=\/wp\/v2\/posts\/5423"}],"collection":[{"href":"https:\/\/ukrainistika.ffzg.unizg.hr\/index.php?rest_route=\/wp\/v2\/posts"}],"about":[{"href":"https:\/\/ukrainistika.ffzg.unizg.hr\/index.php?rest_route=\/wp\/v2\/types\/post"}],"author":[{"embeddable":true,"href":"https:\/\/ukrainistika.ffzg.unizg.hr\/index.php?rest_route=\/wp\/v2\/users\/3"}],"replies":[{"embeddable":true,"href":"https:\/\/ukrainistika.ffzg.unizg.hr\/index.php?rest_route=%2Fwp%2Fv2%2Fcomments&post=5423"}],"version-history":[{"count":3,"href":"https:\/\/ukrainistika.ffzg.unizg.hr\/index.php?rest_route=\/wp\/v2\/posts\/5423\/revisions"}],"predecessor-version":[{"id":5430,"href":"https:\/\/ukrainistika.ffzg.unizg.hr\/index.php?rest_route=\/wp\/v2\/posts\/5423\/revisions\/5430"}],"wp:attachment":[{"href":"https:\/\/ukrainistika.ffzg.unizg.hr\/index.php?rest_route=%2Fwp%2Fv2%2Fmedia&parent=5423"}],"wp:term":[{"taxonomy":"category","embeddable":true,"href":"https:\/\/ukrainistika.ffzg.unizg.hr\/index.php?rest_route=%2Fwp%2Fv2%2Fcategories&post=5423"},{"taxonomy":"post_tag","embeddable":true,"href":"https:\/\/ukrainistika.ffzg.unizg.hr\/index.php?rest_route=%2Fwp%2Fv2%2Ftags&post=5423"}],"curies":[{"name":"wp","href":"https:\/\/api.w.org\/{rel}","templated":true}]}}