{"id":5428,"date":"2026-04-29T19:57:12","date_gmt":"2026-04-29T17:57:12","guid":{"rendered":"https:\/\/ukrainistika.ffzg.unizg.hr\/?p=5428"},"modified":"2026-04-29T19:57:13","modified_gmt":"2026-04-29T17:57:13","slug":"knjizevni-susreti","status":"publish","type":"post","link":"https:\/\/ukrainistika.ffzg.unizg.hr\/?p=5428","title":{"rendered":"Knji\u017eevni susreti"},"content":{"rendered":"\n<p>Dragi ukrajinisti,<\/p>\n\n\n\n<p>obavje\u0161tavamo vas i pozivamo da prisustvujete zanimljivim knji\u017eevnim susretima koji \u0107e se odr\u017eati u \u010detvrtak <strong>30. 4. 2026.<\/strong> u sklopu nastave iz ukrajinske knji\u017eevnosti &#8211; susret s ukrajinskom pjesnikinjom <strong>Katerynom Mihalicynom<\/strong>, \u010dlanicom ukrajinskog PEN-a, uz koju na predavanju gostuje i Tomica Bajsi\u0107, pjesnik i prevoditelj. Knji\u017eevni susret \u0107e biti na ukrajinskom i hrvatskom jeziku s po\u010detkom u 12:30 u A-224.\u00a0<\/p>\n\n\n\n<p>Isto tako,\u00a0u utorak <strong>5. 5. 2026.<\/strong>\u00a0odr\u017eat \u0107e se gostuju\u0107e predavanje\u00a0 <strong>dr. sc. Alle Tatarenko<\/strong>,\u00a0profesorice Lavovskog nacionalnog sveu\u010dili\u0161ta Ivan Franko.\u00a0Tema predavanja: <em><strong>\u0420\u0435\u0446\u0435\u043f\u0446\u0456\u044f \u0445\u043e\u0440\u0432\u0430\u0442\u0441\u044c\u043a\u043e\u0457 \u043b\u0456\u0442\u0435\u0440\u0430\u0442\u0443\u0440\u0438 \u0432 \u0441\u0443\u0447\u0430\u0441\u043d\u0456\u0439 \u0423\u043a\u0440\u0430\u0457\u043d\u0456 \u0442\u0430 \u0443\u043a\u0440\u0430\u0457\u043d\u0441\u044c\u043a\u043e\u0457 \u043b\u0456\u0442\u0435\u0440\u0430\u0442\u0443\u0440\u0438\u00a0\u0432 \u0425\u043e\u0440\u0432\u0430\u0442\u0456\u0457<\/strong><\/em>.\u00a0Predavanje na ukrajinskom jeziku odr\u017eat \u0107e se s po\u010detkom u 14:45 u A-306.<\/p>\n","protected":false},"excerpt":{"rendered":"<p>Dragi ukrajinisti, obavje\u0161tavamo vas i pozivamo da prisustvujete zanimljivim knji\u017eevnim susretima koji \u0107e se odr\u017eati u \u010detvrtak 30. 4. 2026. u sklopu nastave iz ukrajinske knji\u017eevnosti &#8211; susret s ukrajinskom pjesnikinjom Katerynom Mihalicynom, \u010dlanicom ukrajinskog PEN-a, uz koju na predavanju gostuje i Tomica Bajsi\u0107, pjesnik i prevoditelj. Knji\u017eevni susret \u0107e biti na ukrajinskom i hrvatskom [&hellip;]<\/p>\n","protected":false},"author":3,"featured_media":0,"comment_status":"closed","ping_status":"open","sticky":false,"template":"","format":"standard","meta":{"footnotes":""},"categories":[1],"tags":[],"class_list":["post-5428","post","type-post","status-publish","format-standard","hentry","category-uncategorized"],"_links":{"self":[{"href":"https:\/\/ukrainistika.ffzg.unizg.hr\/index.php?rest_route=\/wp\/v2\/posts\/5428"}],"collection":[{"href":"https:\/\/ukrainistika.ffzg.unizg.hr\/index.php?rest_route=\/wp\/v2\/posts"}],"about":[{"href":"https:\/\/ukrainistika.ffzg.unizg.hr\/index.php?rest_route=\/wp\/v2\/types\/post"}],"author":[{"embeddable":true,"href":"https:\/\/ukrainistika.ffzg.unizg.hr\/index.php?rest_route=\/wp\/v2\/users\/3"}],"replies":[{"embeddable":true,"href":"https:\/\/ukrainistika.ffzg.unizg.hr\/index.php?rest_route=%2Fwp%2Fv2%2Fcomments&post=5428"}],"version-history":[{"count":1,"href":"https:\/\/ukrainistika.ffzg.unizg.hr\/index.php?rest_route=\/wp\/v2\/posts\/5428\/revisions"}],"predecessor-version":[{"id":5429,"href":"https:\/\/ukrainistika.ffzg.unizg.hr\/index.php?rest_route=\/wp\/v2\/posts\/5428\/revisions\/5429"}],"wp:attachment":[{"href":"https:\/\/ukrainistika.ffzg.unizg.hr\/index.php?rest_route=%2Fwp%2Fv2%2Fmedia&parent=5428"}],"wp:term":[{"taxonomy":"category","embeddable":true,"href":"https:\/\/ukrainistika.ffzg.unizg.hr\/index.php?rest_route=%2Fwp%2Fv2%2Fcategories&post=5428"},{"taxonomy":"post_tag","embeddable":true,"href":"https:\/\/ukrainistika.ffzg.unizg.hr\/index.php?rest_route=%2Fwp%2Fv2%2Ftags&post=5428"}],"curies":[{"name":"wp","href":"https:\/\/api.w.org\/{rel}","templated":true}]}}