{"id":5431,"date":"2026-04-30T13:15:09","date_gmt":"2026-04-30T11:15:09","guid":{"rendered":"https:\/\/ukrainistika.ffzg.unizg.hr\/?p=5431"},"modified":"2026-04-30T13:15:10","modified_gmt":"2026-04-30T11:15:10","slug":"erasmus-2026-27-mobilnost-nastavnog-i-nenastavnog-osoblja","status":"publish","type":"post","link":"https:\/\/ukrainistika.ffzg.unizg.hr\/?p=5431","title":{"rendered":"ERASMUS + 2026.\/27.: mobilnost nastavnog i nenastavnog osoblja"},"content":{"rendered":"\n<p><strong>ERASMUS + 2026.\/27.: mobilnost nastavnog i nenastavnog osoblja<\/strong><strong><\/strong><\/p>\n\n\n\n<p>Rok za prijavu: do 28. svibnja u 12 sati (podne)<\/p>\n\n\n\n<p><a>Sveu\u010dili\u0161te u Zagrebu je raspisalo&nbsp;<\/a><a><em>ERASMUS+ natje\u010daj&nbsp;za &nbsp;mobilnost&nbsp;nastavnog&nbsp;i&nbsp;nenastavnog&nbsp;osoblja u ak.&nbsp;god.&nbsp;2026.\/27.&nbsp;\u2013 dr\u017eave \u010dlanice&nbsp;EU-a&nbsp;i&nbsp;tre\u0107e&nbsp;zemlje&nbsp;pridru\u017eene&nbsp;programu&nbsp;(KA131)<\/em><\/a>&nbsp;za mobilnost&nbsp;&nbsp;<strong>od 01.10.2026. do 30.9.2027.<\/strong>&nbsp;za&nbsp;aktivnosti:&nbsp;&nbsp;pou\u010davanje ili kombinirane mobilnosti u svrhu pou\u010davanja i osposobljavanja ili osposobljavanje i mobilnosti dolaznih predava\u010da iz inozemnih tvrtki.<\/p>\n\n\n\n<p><a href=\"https:\/\/web2020.ffzg.unizg.hr\/international\/staff-mobility\/gostovanja-u-inozemstvu\/konferencije-seminari-obavijesti\/\" target=\"_blank\" rel=\"noreferrer noopener\">Molimo pristupnike da pro\u010ditaju Natje\u010daj i Upute Sveu\u010dili\u0161ta u Zagrebu, te Smjernice za prikupljanje dokumentacije na Filozofskome fakultetu, a koriste obrasce objavljene za ovaj Natje\u010daj<\/a>.<\/p>\n\n\n\n<p><strong>NOVO<\/strong>:<\/p>\n\n\n\n<ul class=\"wp-block-list\">\n<li>Dokumentacija za potpis odgovorne osobe na Filozofskome fakultetu (dekan) ostavlja se u zatvorenoj kuverti u\u00a0<strong>URUD\u017dBENOME uredu<\/strong>.<\/li>\n\n\n\n<li>Na istome se mjestu ovjerena dokumentacija preuzima za daljnji proces\u00a0<em>online<\/em>\u00a0prijave Sveu\u010dili\u0161tu u Zagrebu.<\/li>\n<\/ul>\n\n\n\n<p>Rok za prijavu Sveu\u010dili\u0161tu u Zagrebu:&nbsp;<strong>do 28. svibnja u 12 sati (podne)<\/strong><\/p>\n\n\n\n<p>Molimo prijavitelje da dokumentaciju za potpis dekana dostave pravovremeno kako bi se uspje\u0161no prijavili na Natje\u010daj.<\/p>\n\n\n\n<figure class=\"wp-block-embed is-type-wp-embed is-provider-sveu-ili-te-u-zagrebu-filozofski-fakultet-international wp-block-embed-sveu-ili-te-u-zagrebu-filozofski-fakultet-international\"><div class=\"wp-block-embed__wrapper\">\n<blockquote class=\"wp-embedded-content\" data-secret=\"cR89JunYut\"><a href=\"https:\/\/web2020.ffzg.unizg.hr\/international\/staff-mobility\/gostovanja-u-inozemstvu\/konferencije-seminari-obavijesti\/\">NATJE\u010cAJI, stipendije, konferencije<\/a><\/blockquote><iframe loading=\"lazy\" class=\"wp-embedded-content\" sandbox=\"allow-scripts\" security=\"restricted\" style=\"position: absolute; visibility: hidden;\" title=\"&#8220;NATJE\u010cAJI, stipendije, konferencije&#8221; &#8212; Sveu\u010dili\u0161te u Zagrebu, Filozofski fakultet, International\" src=\"https:\/\/web2020.ffzg.unizg.hr\/international\/staff-mobility\/gostovanja-u-inozemstvu\/konferencije-seminari-obavijesti\/embed\/#?secret=cR89JunYut\" data-secret=\"cR89JunYut\" width=\"600\" height=\"338\" frameborder=\"0\" marginwidth=\"0\" marginheight=\"0\" scrolling=\"no\"><\/iframe>\n<\/div><\/figure>\n","protected":false},"excerpt":{"rendered":"<p>ERASMUS + 2026.\/27.: mobilnost nastavnog i nenastavnog osoblja Rok za prijavu: do 28. svibnja u 12 sati (podne) Sveu\u010dili\u0161te u Zagrebu je raspisalo&nbsp;ERASMUS+ natje\u010daj&nbsp;za &nbsp;mobilnost&nbsp;nastavnog&nbsp;i&nbsp;nenastavnog&nbsp;osoblja u ak.&nbsp;god.&nbsp;2026.\/27.&nbsp;\u2013 dr\u017eave \u010dlanice&nbsp;EU-a&nbsp;i&nbsp;tre\u0107e&nbsp;zemlje&nbsp;pridru\u017eene&nbsp;programu&nbsp;(KA131)&nbsp;za mobilnost&nbsp;&nbsp;od 01.10.2026. do 30.9.2027.&nbsp;za&nbsp;aktivnosti:&nbsp;&nbsp;pou\u010davanje ili kombinirane mobilnosti u svrhu pou\u010davanja i osposobljavanja ili osposobljavanje i mobilnosti dolaznih predava\u010da iz inozemnih tvrtki. Molimo pristupnike da pro\u010ditaju Natje\u010daj [&hellip;]<\/p>\n","protected":false},"author":3,"featured_media":0,"comment_status":"closed","ping_status":"open","sticky":false,"template":"","format":"standard","meta":{"footnotes":""},"categories":[1],"tags":[],"class_list":["post-5431","post","type-post","status-publish","format-standard","hentry","category-uncategorized"],"_links":{"self":[{"href":"https:\/\/ukrainistika.ffzg.unizg.hr\/index.php?rest_route=\/wp\/v2\/posts\/5431"}],"collection":[{"href":"https:\/\/ukrainistika.ffzg.unizg.hr\/index.php?rest_route=\/wp\/v2\/posts"}],"about":[{"href":"https:\/\/ukrainistika.ffzg.unizg.hr\/index.php?rest_route=\/wp\/v2\/types\/post"}],"author":[{"embeddable":true,"href":"https:\/\/ukrainistika.ffzg.unizg.hr\/index.php?rest_route=\/wp\/v2\/users\/3"}],"replies":[{"embeddable":true,"href":"https:\/\/ukrainistika.ffzg.unizg.hr\/index.php?rest_route=%2Fwp%2Fv2%2Fcomments&post=5431"}],"version-history":[{"count":1,"href":"https:\/\/ukrainistika.ffzg.unizg.hr\/index.php?rest_route=\/wp\/v2\/posts\/5431\/revisions"}],"predecessor-version":[{"id":5432,"href":"https:\/\/ukrainistika.ffzg.unizg.hr\/index.php?rest_route=\/wp\/v2\/posts\/5431\/revisions\/5432"}],"wp:attachment":[{"href":"https:\/\/ukrainistika.ffzg.unizg.hr\/index.php?rest_route=%2Fwp%2Fv2%2Fmedia&parent=5431"}],"wp:term":[{"taxonomy":"category","embeddable":true,"href":"https:\/\/ukrainistika.ffzg.unizg.hr\/index.php?rest_route=%2Fwp%2Fv2%2Fcategories&post=5431"},{"taxonomy":"post_tag","embeddable":true,"href":"https:\/\/ukrainistika.ffzg.unizg.hr\/index.php?rest_route=%2Fwp%2Fv2%2Ftags&post=5431"}],"curies":[{"name":"wp","href":"https:\/\/api.w.org\/{rel}","templated":true}]}}